{"id":1054,"date":"2015-01-01T19:20:45","date_gmt":"2015-01-01T17:20:45","guid":{"rendered":"http:\/\/www.attergauerliedertafel.at\/?p=1054"},"modified":"2015-04-11T10:33:22","modified_gmt":"2015-04-11T08:33:22","slug":"einladung-zum-maskenball-der-liedertafel-am-samstag-7-2-2015","status":"publish","type":"post","link":"http:\/\/www.attergauerliedertafel.at\/index.php\/2015\/01\/einladung-zum-maskenball-der-liedertafel-am-samstag-7-2-2015\/","title":{"rendered":"Silvesterkonzert 2014 im Attergauer Seniorenheim"},"content":{"rendered":"<p>Wie in den vielen Vorjahren fanden wir uns auch heuer wieder am letzten Tag des Jahres 2014 im Seniorenheim in St. Georgen ein, um dessen Bewohnern mit unseren Liedern einen sch\u00f6nen Nachmittag zu bereiten. Die Moderation \u00fcbernahm in bew\u00e4hrter Weise wieder Peter Wurm. Im vollen Aufenthaltsraum brachten wir im ersten Teil wieder mehrere Weihnachtslieder aus unserem Adventsingen vor. Nach der Kaffeepause sangen wir mehrere heitere St\u00fccke. Den traditionellen Abschlu\u00df bildete wieder das Attergau-Lied &#8222;I woa\u00df a Platzerl, wundersch\u00f6n&#8220;, souver\u00e4n dirigiert von &#8222;Aushilfsdirigent&#8220; Horst Hager.<\/p>\n<p>Zum Abschlu\u00df gab es einen gem\u00fctlichen Jahresausklang bei Speis und Trank.<\/p>\n","protected":false},"excerpt":{"rendered":"<p>Wie in den vielen Vorjahren fanden wir uns auch heuer wieder am letzten Tag des Jahres 2014 im Seniorenheim in St. Georgen ein, um dessen Bewohnern mit unseren Liedern einen sch\u00f6nen Nachmittag zu bereiten. Die Moderation \u00fcbernahm in bew\u00e4hrter Weise &hellip; <a href=\"http:\/\/www.attergauerliedertafel.at\/index.php\/2015\/01\/einladung-zum-maskenball-der-liedertafel-am-samstag-7-2-2015\/\">Weiterlesen <span class=\"meta-nav\">&rarr;<\/span><\/a><\/p>\n","protected":false},"author":1,"featured_media":0,"comment_status":"open","ping_status":"open","sticky":false,"template":"","format":"standard","meta":[],"categories":[1],"tags":[],"_links":{"self":[{"href":"http:\/\/www.attergauerliedertafel.at\/index.php\/wp-json\/wp\/v2\/posts\/1054"}],"collection":[{"href":"http:\/\/www.attergauerliedertafel.at\/index.php\/wp-json\/wp\/v2\/posts"}],"about":[{"href":"http:\/\/www.attergauerliedertafel.at\/index.php\/wp-json\/wp\/v2\/types\/post"}],"author":[{"embeddable":true,"href":"http:\/\/www.attergauerliedertafel.at\/index.php\/wp-json\/wp\/v2\/users\/1"}],"replies":[{"embeddable":true,"href":"http:\/\/www.attergauerliedertafel.at\/index.php\/wp-json\/wp\/v2\/comments?post=1054"}],"version-history":[{"count":17,"href":"http:\/\/www.attergauerliedertafel.at\/index.php\/wp-json\/wp\/v2\/posts\/1054\/revisions"}],"predecessor-version":[{"id":1058,"href":"http:\/\/www.attergauerliedertafel.at\/index.php\/wp-json\/wp\/v2\/posts\/1054\/revisions\/1058"}],"wp:attachment":[{"href":"http:\/\/www.attergauerliedertafel.at\/index.php\/wp-json\/wp\/v2\/media?parent=1054"}],"wp:term":[{"taxonomy":"category","embeddable":true,"href":"http:\/\/www.attergauerliedertafel.at\/index.php\/wp-json\/wp\/v2\/categories?post=1054"},{"taxonomy":"post_tag","embeddable":true,"href":"http:\/\/www.attergauerliedertafel.at\/index.php\/wp-json\/wp\/v2\/tags?post=1054"}],"curies":[{"name":"wp","href":"https:\/\/api.w.org\/{rel}","templated":true}]}}