{"id":1235,"date":"2016-11-27T10:57:28","date_gmt":"2016-11-27T08:57:28","guid":{"rendered":"http:\/\/www.attergauerliedertafel.at\/?p=1235"},"modified":"2016-12-07T17:58:44","modified_gmt":"2016-12-07T15:58:44","slug":"neue-chorleiterin-ab-oktober-2016","status":"publish","type":"post","link":"http:\/\/www.attergauerliedertafel.at\/index.php\/2016\/11\/neue-chorleiterin-ab-oktober-2016\/","title":{"rendered":"neue Chorleiterin ab Oktober 2016"},"content":{"rendered":"<p>Nach dem Ausscheiden von Florian Danter war seit Juli die Stelle des Chorleiters vakant. Durch intensive Bem\u00fchungen von Obmann Ernst Meergraf konnte Frau Diana P\u00fchringer aus Gampern ab Oktober 2016 f\u00fcr diese wichtige Funktion gewonnen werden. Der erste gemeinsame Auftritt wird beim Adventsingen am 11.12. sein.<\/p>\n","protected":false},"excerpt":{"rendered":"<p>Nach dem Ausscheiden von Florian Danter war seit Juli die Stelle des Chorleiters vakant. Durch intensive Bem\u00fchungen von Obmann Ernst Meergraf konnte Frau Diana P\u00fchringer aus Gampern ab Oktober 2016 f\u00fcr diese wichtige Funktion gewonnen werden. Der erste gemeinsame Auftritt &hellip; <a href=\"http:\/\/www.attergauerliedertafel.at\/index.php\/2016\/11\/neue-chorleiterin-ab-oktober-2016\/\">Weiterlesen <span class=\"meta-nav\">&rarr;<\/span><\/a><\/p>\n","protected":false},"author":1,"featured_media":0,"comment_status":"open","ping_status":"open","sticky":false,"template":"","format":"standard","meta":[],"categories":[1],"tags":[],"_links":{"self":[{"href":"http:\/\/www.attergauerliedertafel.at\/index.php\/wp-json\/wp\/v2\/posts\/1235"}],"collection":[{"href":"http:\/\/www.attergauerliedertafel.at\/index.php\/wp-json\/wp\/v2\/posts"}],"about":[{"href":"http:\/\/www.attergauerliedertafel.at\/index.php\/wp-json\/wp\/v2\/types\/post"}],"author":[{"embeddable":true,"href":"http:\/\/www.attergauerliedertafel.at\/index.php\/wp-json\/wp\/v2\/users\/1"}],"replies":[{"embeddable":true,"href":"http:\/\/www.attergauerliedertafel.at\/index.php\/wp-json\/wp\/v2\/comments?post=1235"}],"version-history":[{"count":2,"href":"http:\/\/www.attergauerliedertafel.at\/index.php\/wp-json\/wp\/v2\/posts\/1235\/revisions"}],"predecessor-version":[{"id":1251,"href":"http:\/\/www.attergauerliedertafel.at\/index.php\/wp-json\/wp\/v2\/posts\/1235\/revisions\/1251"}],"wp:attachment":[{"href":"http:\/\/www.attergauerliedertafel.at\/index.php\/wp-json\/wp\/v2\/media?parent=1235"}],"wp:term":[{"taxonomy":"category","embeddable":true,"href":"http:\/\/www.attergauerliedertafel.at\/index.php\/wp-json\/wp\/v2\/categories?post=1235"},{"taxonomy":"post_tag","embeddable":true,"href":"http:\/\/www.attergauerliedertafel.at\/index.php\/wp-json\/wp\/v2\/tags?post=1235"}],"curies":[{"name":"wp","href":"https:\/\/api.w.org\/{rel}","templated":true}]}}