{"id":1237,"date":"2016-11-27T11:01:11","date_gmt":"2016-11-27T09:01:11","guid":{"rendered":"http:\/\/www.attergauerliedertafel.at\/?p=1237"},"modified":"2017-01-21T14:41:02","modified_gmt":"2017-01-21T12:41:02","slug":"attergauer-advent-am-sonntag-11-dezember","status":"publish","type":"post","link":"http:\/\/www.attergauerliedertafel.at\/index.php\/2016\/11\/attergauer-advent-am-sonntag-11-dezember\/","title":{"rendered":"Das war der Attergauer Advent 2016"},"content":{"rendered":"<p><a href=\"http:\/\/www.attergauerliedertafel.at\/?attachment_id=115\"><img loading=\"lazy\" class=\"aligncenter size-medium wp-image-115\" title=\"IMG_0797 [640x480]\" src=\"http:\/\/www.attergauerliedertafel.at\/wp-content\/uploads\/IMG_0797-640x480-400x225.jpg\" alt=\"\" width=\"400\" height=\"225\" srcset=\"http:\/\/www.attergauerliedertafel.at\/wp-content\/uploads\/IMG_0797-640x480-400x225.jpg 400w, http:\/\/www.attergauerliedertafel.at\/wp-content\/uploads\/IMG_0797-640x480.jpg 640w\" sizes=\"(max-width: 400px) 100vw, 400px\" \/><\/a>Wir hatten die Freunde der Attergauer Liedertafel am Sonntag, 11. Dezember 2016 um<br \/>\n15 Uhr in der Pfarrkirche St. Georgen eingeladen, um eine besinnliche Stunde im Advent mit uns zu verbringen &#8211; und viele interessierte Zuh\u00f6rer sind gekommen. In unserem abwechslungsreichem Programm boten die Attergauer Spielleut und erstmals der Frankenmarkter Saitenklang stimmungsvolle Instrumentalst\u00fccke dar, w\u00e4hrend unser Chor manches Neues einstudiert hatte und dazu einige bekannte Advent- und Weihnachtslieder pr\u00e4sentierte. Erstmals dirigierte uns unsere neue Chorleiterin Diana P\u00fchringer aus Gampern. Peter Wurm fand als Sprecher wieder die richtigen verbindenden Worte zwischen den einzelnen Musikst\u00fccken. Zum Abschlu\u00df erklang in lieber Tradition der Mettenjodler.<\/p>\n<p>Aus anschlie\u00dfenden Gespr\u00e4chen mit Zuh\u00f6rern konnten wir entnehmen, dass es f\u00fcr das Publikum ein gelungener Adventnachmittag war.<\/p>\n<p>&nbsp;<\/p>\n","protected":false},"excerpt":{"rendered":"<p>Wir hatten die Freunde der Attergauer Liedertafel am Sonntag, 11. Dezember 2016 um 15 Uhr in der Pfarrkirche St. Georgen eingeladen, um eine besinnliche Stunde im Advent mit uns zu verbringen &#8211; und viele interessierte Zuh\u00f6rer sind gekommen. In unserem &hellip; <a href=\"http:\/\/www.attergauerliedertafel.at\/index.php\/2016\/11\/attergauer-advent-am-sonntag-11-dezember\/\">Weiterlesen <span class=\"meta-nav\">&rarr;<\/span><\/a><\/p>\n","protected":false},"author":1,"featured_media":0,"comment_status":"open","ping_status":"open","sticky":false,"template":"","format":"standard","meta":[],"categories":[1],"tags":[],"_links":{"self":[{"href":"http:\/\/www.attergauerliedertafel.at\/index.php\/wp-json\/wp\/v2\/posts\/1237"}],"collection":[{"href":"http:\/\/www.attergauerliedertafel.at\/index.php\/wp-json\/wp\/v2\/posts"}],"about":[{"href":"http:\/\/www.attergauerliedertafel.at\/index.php\/wp-json\/wp\/v2\/types\/post"}],"author":[{"embeddable":true,"href":"http:\/\/www.attergauerliedertafel.at\/index.php\/wp-json\/wp\/v2\/users\/1"}],"replies":[{"embeddable":true,"href":"http:\/\/www.attergauerliedertafel.at\/index.php\/wp-json\/wp\/v2\/comments?post=1237"}],"version-history":[{"count":7,"href":"http:\/\/www.attergauerliedertafel.at\/index.php\/wp-json\/wp\/v2\/posts\/1237\/revisions"}],"predecessor-version":[{"id":1256,"href":"http:\/\/www.attergauerliedertafel.at\/index.php\/wp-json\/wp\/v2\/posts\/1237\/revisions\/1256"}],"wp:attachment":[{"href":"http:\/\/www.attergauerliedertafel.at\/index.php\/wp-json\/wp\/v2\/media?parent=1237"}],"wp:term":[{"taxonomy":"category","embeddable":true,"href":"http:\/\/www.attergauerliedertafel.at\/index.php\/wp-json\/wp\/v2\/categories?post=1237"},{"taxonomy":"post_tag","embeddable":true,"href":"http:\/\/www.attergauerliedertafel.at\/index.php\/wp-json\/wp\/v2\/tags?post=1237"}],"curies":[{"name":"wp","href":"https:\/\/api.w.org\/{rel}","templated":true}]}}