{"id":1615,"date":"2023-11-18T18:36:51","date_gmt":"2023-11-18T16:36:51","guid":{"rendered":"http:\/\/www.attergauerliedertafel.at\/?p=1615"},"modified":"2025-10-21T20:04:40","modified_gmt":"2025-10-21T18:04:40","slug":"attergauer-advent-2023","status":"publish","type":"post","link":"http:\/\/www.attergauerliedertafel.at\/index.php\/2023\/11\/attergauer-advent-2023\/","title":{"rendered":"Attergauer Advent 2023"},"content":{"rendered":"\n<p>Inzwischen geh\u00f6rt er im Attergau zur Adventszeit wie der Nikolaus \u2013 der Attergauer Advent. Das traditionelle Konzert wird jedes Jahr von der Attergauer Liedertafel gestaltet. Der 1905 gegr\u00fcndete M\u00e4nnerchor l\u00e4dt auch heuer wieder zur besinnlichen Einstimmung in die Pfarrkirchen St. Georgen im Attergau.<\/p>\n\n\n\n<p>Als Gastchor stehen dieses Mal die <strong>Rixsingers <\/strong>auf der B\u00fchne. Der <strong>Frankenmarkter Saitenklang<\/strong> sowie ein <strong>Bl\u00e4serensemble <\/strong>der Musikkapelle St. Georgen tragen ihren Teil zur Weihnachtsstimmung bei. Durch das abwechslungsreiche Programm f\u00fchrt Sprecherin <strong>Marianne Pachler<\/strong>, die musikalische Gesamtleitung hat Chorleiterin Diana P\u00fchringer inne. Der Attergauer Advent findet am Sonntag, 10. Dezember 2023 um 19:00 statt.<\/p>\n\n\n\n<p>Kartenvorverkauf: Attergauer Kultursommer sowie bei den S\u00e4nger der Attergauer Liedertafel<\/p>\n\n\n\n<p>Der Gesamterl\u00f6s wird zum Ankauf einer neuen Vereinstracht verwendet.<\/p>\n\n\n\n<p><\/p>\n\n\n\n<figure class=\"wp-block-image size-large\"><img loading=\"lazy\" width=\"724\" height=\"1024\" src=\"http:\/\/www.attergauerliedertafel.at\/wp-content\/uploads\/ALT-Plakat-2312-2-724x1024.jpg\" alt=\"\" class=\"wp-image-1616\" srcset=\"http:\/\/www.attergauerliedertafel.at\/wp-content\/uploads\/ALT-Plakat-2312-2-724x1024.jpg 724w, http:\/\/www.attergauerliedertafel.at\/wp-content\/uploads\/ALT-Plakat-2312-2-212x300.jpg 212w, http:\/\/www.attergauerliedertafel.at\/wp-content\/uploads\/ALT-Plakat-2312-2-768x1086.jpg 768w, http:\/\/www.attergauerliedertafel.at\/wp-content\/uploads\/ALT-Plakat-2312-2-1086x1536.jpg 1086w, http:\/\/www.attergauerliedertafel.at\/wp-content\/uploads\/ALT-Plakat-2312-2-1448x2048.jpg 1448w, http:\/\/www.attergauerliedertafel.at\/wp-content\/uploads\/ALT-Plakat-2312-2-scaled.jpg 1810w\" sizes=\"(max-width: 724px) 100vw, 724px\" \/><\/figure>\n","protected":false},"excerpt":{"rendered":"<p>Inzwischen geh\u00f6rt er im Attergau zur Adventszeit wie der Nikolaus \u2013 der Attergauer Advent. Das traditionelle Konzert wird jedes Jahr von der Attergauer Liedertafel gestaltet. Der 1905 gegr\u00fcndete M\u00e4nnerchor l\u00e4dt auch heuer wieder zur besinnlichen Einstimmung in die Pfarrkirchen St. &hellip; <a href=\"http:\/\/www.attergauerliedertafel.at\/index.php\/2023\/11\/attergauer-advent-2023\/\">Weiterlesen <span class=\"meta-nav\">&rarr;<\/span><\/a><\/p>\n","protected":false},"author":3,"featured_media":0,"comment_status":"open","ping_status":"open","sticky":false,"template":"","format":"standard","meta":[],"categories":[1],"tags":[],"_links":{"self":[{"href":"http:\/\/www.attergauerliedertafel.at\/index.php\/wp-json\/wp\/v2\/posts\/1615"}],"collection":[{"href":"http:\/\/www.attergauerliedertafel.at\/index.php\/wp-json\/wp\/v2\/posts"}],"about":[{"href":"http:\/\/www.attergauerliedertafel.at\/index.php\/wp-json\/wp\/v2\/types\/post"}],"author":[{"embeddable":true,"href":"http:\/\/www.attergauerliedertafel.at\/index.php\/wp-json\/wp\/v2\/users\/3"}],"replies":[{"embeddable":true,"href":"http:\/\/www.attergauerliedertafel.at\/index.php\/wp-json\/wp\/v2\/comments?post=1615"}],"version-history":[{"count":5,"href":"http:\/\/www.attergauerliedertafel.at\/index.php\/wp-json\/wp\/v2\/posts\/1615\/revisions"}],"predecessor-version":[{"id":1621,"href":"http:\/\/www.attergauerliedertafel.at\/index.php\/wp-json\/wp\/v2\/posts\/1615\/revisions\/1621"}],"wp:attachment":[{"href":"http:\/\/www.attergauerliedertafel.at\/index.php\/wp-json\/wp\/v2\/media?parent=1615"}],"wp:term":[{"taxonomy":"category","embeddable":true,"href":"http:\/\/www.attergauerliedertafel.at\/index.php\/wp-json\/wp\/v2\/categories?post=1615"},{"taxonomy":"post_tag","embeddable":true,"href":"http:\/\/www.attergauerliedertafel.at\/index.php\/wp-json\/wp\/v2\/tags?post=1615"}],"curies":[{"name":"wp","href":"https:\/\/api.w.org\/{rel}","templated":true}]}}