{"id":346,"date":"2011-02-03T19:50:43","date_gmt":"2011-02-03T17:50:43","guid":{"rendered":"http:\/\/www.attergauerliedertafel.at\/?p=346"},"modified":"2011-03-15T17:30:55","modified_gmt":"2011-03-15T15:30:55","slug":"maskenball-der-liedertafel-am-samstag-5-2-2011","status":"publish","type":"post","link":"http:\/\/www.attergauerliedertafel.at\/index.php\/2011\/02\/maskenball-der-liedertafel-am-samstag-5-2-2011\/","title":{"rendered":"Maskenball der Liedertafel am Samstag, 5.2.2011"},"content":{"rendered":"\n\t\t<style type=\"text\/css\">\n\t\t\t#gallery-1 {\n\t\t\t\tmargin: auto;\n\t\t\t}\n\t\t\t#gallery-1 .gallery-item {\n\t\t\t\tfloat: left;\n\t\t\t\tmargin-top: 10px;\n\t\t\t\ttext-align: center;\n\t\t\t\twidth: 33%;\n\t\t\t}\n\t\t\t#gallery-1 img {\n\t\t\t\tborder: 2px solid #cfcfcf;\n\t\t\t}\n\t\t\t#gallery-1 .gallery-caption {\n\t\t\t\tmargin-left: 0;\n\t\t\t}\n\t\t\t\/* see gallery_shortcode() in wp-includes\/media.php *\/\n\t\t<\/style>\n\t\t<div id='gallery-1' class='gallery galleryid-346 gallery-columns-3 gallery-size-thumbnail'><dl class='gallery-item'>\n\t\t\t<dt class='gallery-icon '>\n\t\t\t\t<a href='http:\/\/www.attergauerliedertafel.at\/index.php\/2011\/02\/maskenball-der-liedertafel-am-samstag-5-2-2011\/dsc_01551\/'><img width=\"1\" height=\"1\" src=\"http:\/\/www.attergauerliedertafel.at\/wp-content\/uploads\/DSC_01551.jpg\" class=\"attachment-thumbnail size-thumbnail\" alt=\"\" loading=\"lazy\" \/><\/a>\n\t\t\t<\/dt><\/dl><dl class='gallery-item'>\n\t\t\t<dt class='gallery-icon landscape'>\n\t\t\t\t<a href='http:\/\/www.attergauerliedertafel.at\/index.php\/2011\/02\/maskenball-der-liedertafel-am-samstag-5-2-2011\/dsc_00761\/'><img width=\"150\" height=\"150\" src=\"http:\/\/www.attergauerliedertafel.at\/wp-content\/uploads\/DSC_00761-150x150.jpg\" class=\"attachment-thumbnail size-thumbnail\" alt=\"\" loading=\"lazy\" \/><\/a>\n\t\t\t<\/dt><\/dl><dl class='gallery-item'>\n\t\t\t<dt class='gallery-icon landscape'>\n\t\t\t\t<a href='http:\/\/www.attergauerliedertafel.at\/index.php\/2011\/02\/maskenball-der-liedertafel-am-samstag-5-2-2011\/dsc_00921\/'><img width=\"150\" height=\"150\" src=\"http:\/\/www.attergauerliedertafel.at\/wp-content\/uploads\/DSC_00921-150x150.jpg\" class=\"attachment-thumbnail size-thumbnail\" alt=\"\" loading=\"lazy\" \/><\/a>\n\t\t\t<\/dt><\/dl><br style=\"clear: both\" \/><dl class='gallery-item'>\n\t\t\t<dt class='gallery-icon landscape'>\n\t\t\t\t<a href='http:\/\/www.attergauerliedertafel.at\/index.php\/2011\/02\/maskenball-der-liedertafel-am-samstag-5-2-2011\/dsc_01111\/'><img width=\"150\" height=\"150\" src=\"http:\/\/www.attergauerliedertafel.at\/wp-content\/uploads\/DSC_01111-150x150.jpg\" class=\"attachment-thumbnail size-thumbnail\" alt=\"\" loading=\"lazy\" \/><\/a>\n\t\t\t<\/dt><\/dl><dl class='gallery-item'>\n\t\t\t<dt class='gallery-icon '>\n\t\t\t\t<a href='http:\/\/www.attergauerliedertafel.at\/index.php\/2011\/02\/maskenball-der-liedertafel-am-samstag-5-2-2011\/dsc_01361\/'><img width=\"1\" height=\"1\" src=\"http:\/\/www.attergauerliedertafel.at\/wp-content\/uploads\/DSC_01361.jpg\" class=\"attachment-thumbnail size-thumbnail\" alt=\"\" loading=\"lazy\" \/><\/a>\n\t\t\t<\/dt><\/dl><dl class='gallery-item'>\n\t\t\t<dt class='gallery-icon landscape'>\n\t\t\t\t<a href='http:\/\/www.attergauerliedertafel.at\/index.php\/2011\/02\/maskenball-der-liedertafel-am-samstag-5-2-2011\/dsc_01481\/'><img width=\"150\" height=\"150\" src=\"http:\/\/www.attergauerliedertafel.at\/wp-content\/uploads\/DSC_01481-150x150.jpg\" class=\"attachment-thumbnail size-thumbnail\" alt=\"\" loading=\"lazy\" \/><\/a>\n\t\t\t<\/dt><\/dl><br style=\"clear: both\" \/>\n\t\t<\/div>\n\n<p>Unser traditioneller Maskenball war wieder einer der H\u00f6hepunkte des Attergauer Faschings.\u00a0Wir konnten \u00fcber 50 Gruppen und mehrere Einzelmasken willkommen hei\u00dfen, welche sich allesamt mit der 7-k\u00f6pfigen Tanzkapelle\u00a0&#8222;die Salzburger&#8220; pr\u00e4chtig unterhielten.\u00a0Etwas unliebsam war dabei die von der Maskengruppe&#8220;Heizwerk&#8220; erzeugte Rauchwolke, welche die Band immer wieder am Musizieren hinderte. Die 5 gr\u00f6\u00dften Gruppen (\u00fcber 10 Personen)\u00a0 sowie die originellsten 10 Kleingrupppen wurden um Mitternacht mit interessanten Sachgeschenken pr\u00e4miert! Auch bei unserer gro\u00dfen Tombola gab es wieder tolle Preise f\u00fcr die Losfarbe &#8222;wei\u00df&#8220; zu gewinnen.<\/p>\n<p>Die Bar war bis in die fr\u00fchen Morgenstunden sehr gut ausgelastet. Wir hoffen, da\u00df dann alle gut nach Hause gefunden haben.<\/p>\n<p>F\u00fcr einige von uns hie\u00df es dann ab 9 Uhr zusammenr\u00e4umen. Besonders die verlorenen Federn der H\u00fchnermasken waren im ganzen Haus verteilt, aber auch viel anderer M\u00fcll. Dank der Routine und Einsatzbereitschaft des Reinigungstrupps und fachm\u00e4nnischer Anleitung von Schulwart Schmeisser war um 11 Uhr der gr\u00f6bste Schmutz draussen und die Ger\u00e4te wieder am richtigen Platz.<\/p>\n<p>Herzlichen Dank allen, die zum Gelingen des Balls beigetragen haben!<\/p>\n","protected":false},"excerpt":{"rendered":"<p>Unser traditioneller Maskenball war wieder einer der H\u00f6hepunkte des Attergauer Faschings.\u00a0Wir konnten \u00fcber 50 Gruppen und mehrere Einzelmasken willkommen hei\u00dfen, welche sich allesamt mit der 7-k\u00f6pfigen Tanzkapelle\u00a0&#8222;die Salzburger&#8220; pr\u00e4chtig unterhielten.\u00a0Etwas unliebsam war dabei die von der Maskengruppe&#8220;Heizwerk&#8220; erzeugte Rauchwolke, welche &hellip; <a href=\"http:\/\/www.attergauerliedertafel.at\/index.php\/2011\/02\/maskenball-der-liedertafel-am-samstag-5-2-2011\/\">Weiterlesen <span class=\"meta-nav\">&rarr;<\/span><\/a><\/p>\n","protected":false},"author":1,"featured_media":0,"comment_status":"open","ping_status":"open","sticky":false,"template":"","format":"standard","meta":[],"categories":[3],"tags":[],"_links":{"self":[{"href":"http:\/\/www.attergauerliedertafel.at\/index.php\/wp-json\/wp\/v2\/posts\/346"}],"collection":[{"href":"http:\/\/www.attergauerliedertafel.at\/index.php\/wp-json\/wp\/v2\/posts"}],"about":[{"href":"http:\/\/www.attergauerliedertafel.at\/index.php\/wp-json\/wp\/v2\/types\/post"}],"author":[{"embeddable":true,"href":"http:\/\/www.attergauerliedertafel.at\/index.php\/wp-json\/wp\/v2\/users\/1"}],"replies":[{"embeddable":true,"href":"http:\/\/www.attergauerliedertafel.at\/index.php\/wp-json\/wp\/v2\/comments?post=346"}],"version-history":[{"count":5,"href":"http:\/\/www.attergauerliedertafel.at\/index.php\/wp-json\/wp\/v2\/posts\/346\/revisions"}],"predecessor-version":[{"id":364,"href":"http:\/\/www.attergauerliedertafel.at\/index.php\/wp-json\/wp\/v2\/posts\/346\/revisions\/364"}],"wp:attachment":[{"href":"http:\/\/www.attergauerliedertafel.at\/index.php\/wp-json\/wp\/v2\/media?parent=346"}],"wp:term":[{"taxonomy":"category","embeddable":true,"href":"http:\/\/www.attergauerliedertafel.at\/index.php\/wp-json\/wp\/v2\/categories?post=346"},{"taxonomy":"post_tag","embeddable":true,"href":"http:\/\/www.attergauerliedertafel.at\/index.php\/wp-json\/wp\/v2\/tags?post=346"}],"curies":[{"name":"wp","href":"https:\/\/api.w.org\/{rel}","templated":true}]}}