{"id":441,"date":"2011-10-24T16:57:33","date_gmt":"2011-10-24T14:57:33","guid":{"rendered":"http:\/\/www.attergauerliedertafel.at\/?p=441"},"modified":"2011-10-24T16:57:33","modified_gmt":"2011-10-24T14:57:33","slug":"ahreshauptversammlung","status":"publish","type":"post","link":"http:\/\/www.attergauerliedertafel.at\/index.php\/2011\/10\/ahreshauptversammlung\/","title":{"rendered":"Jahreshauptversammlung 18. M\u00e4rz 2011"},"content":{"rendered":"<div class=\"mceTemp\"><a rel=\"attachment wp-att-445\" href=\"http:\/\/www.attergauerliedertafel.at\/index.php\/2011\/10\/ahreshauptversammlung\/2011-03-18-22-48-30-img_0811-2\/\"><img loading=\"lazy\" class=\"alignleft size-medium wp-image-445\" title=\"2011-03-18 22-48-30 - IMG_0811\" src=\"http:\/\/www.attergauerliedertafel.at\/wp-content\/uploads\/2011-03-18-22-48-30-IMG_08111-400x300.jpg\" alt=\"\" width=\"400\" height=\"300\" srcset=\"http:\/\/www.attergauerliedertafel.at\/wp-content\/uploads\/2011-03-18-22-48-30-IMG_08111-400x300.jpg 400w, http:\/\/www.attergauerliedertafel.at\/wp-content\/uploads\/2011-03-18-22-48-30-IMG_08111-1024x768.jpg 1024w\" sizes=\"(max-width: 400px) 100vw, 400px\" \/><\/a><a rel=\"attachment wp-att-445\" href=\"http:\/\/www.attergauerliedertafel.at\/index.php\/2011\/10\/ahreshauptversammlung\/2011-03-18-22-48-30-img_0811-2\/\"><\/a><\/div>\n<p><a rel=\"attachment wp-att-445\" href=\"http:\/\/www.attergauerliedertafel.at\/index.php\/2011\/10\/ahreshauptversammlung\/2011-03-18-22-48-30-img_0811-2\/\"><\/a><\/p>\n<div class=\"mceTemp\">Die allj\u00e4hrliche Hauptversammlung der Attergauer Liedertafel wurde im Gasthaus &#8222;Gr\u00fcner Baum&#8220; abgehalten.<\/div>\n<p>Obammn Meergraf er\u00f6ffnete die Versammlung um 20 Uhr. Es folgte der Bricht des Obmanns. Schriftf\u00fchrer Michael Binder berichtete von dem zahlreichen Aktivit\u00e4ten des Vereines im vergangen Jahr:<\/p>\n<p>\u00a0Neben den eigenen Veranstaltungen wie das Fr\u00fchlingskonzert oder das Adventsingen nahm der Chor auch Veranstaltungen des Chorverbandes wie z.B.: Singen im Schlo\u00df Wolfsegg, Wertungssingen in Ried oder der Chorweihnacht in Traunkirchen teil. Neben den &#8222;weltlichen&#8220; Konzerten umrahmte unser Chor auch &#8222;Kirchliche&#8220;. \u00dcber Messen in V\u00f6cklamarkt und Attersee, Hochzeiten &#8211; bis hin zum Trachtensonntag in St. Georgen konnte unser Chor diese Feiern mitgestalten. Beim Benefizprojekt &#8222;GERald&#8220; unterst\u00fctzten wir die Veranstalter ebenfalls.<\/p>\n<p>Kassier Herbert Gruber berichtete \u00fcber die Finanzen im Chor und wurde von den Pr\u00fcfern entlastet<\/p>\n<p>Danach folgte der Bericht des Chorleiters Josef Maul<\/p>\n<p>Im Rahmen der jahreshauptversammlung wurden besonders veriente Mitglieder geehr<\/p>\n<ul>\n<li>Mattias Lohninger\u00a0\u00a0\u00a0\u00a0\u00a0\u00a0\u00a0\u00a0\u00a0\u00a0\u00a0\u00a0\u00a0\u00a0\u00a0\u00a0\u00a0\u00a0\u00a0\u00a0\u00a0\u00a0\u00a0\u00a0 30 Jahre Mitglied\u00a0\u00a0\u00a0\u00a0\u00a0\u00a0\u00a0\u00a0\u00a0 Abzeichen des CHVO\u00d6 in Gold<\/li>\n<li>Franz Meergraf\u00a0\u00a0\u00a0\u00a0\u00a0\u00a0\u00a0\u00a0\u00a0\u00a0\u00a0\u00a0\u00a0\u00a0\u00a0\u00a0\u00a0\u00a0\u00a0\u00a0\u00a0\u00a0\u00a0\u00a0\u00a0\u00a0\u00a0\u00a0\u00a0\u00a040 Jahre Mitglied\u00a0\u00a0\u00a0\u00a0\u00a0\u00a0\u00a0\u00a0 Goldenes Abzeichen des Chorverbands \u00d6sterreich<\/li>\n<li>Ernst Meergraf\u00a0\u00a0\u00a0 \u00a0\u00a0\u00a0\u00a0\u00a0\u00a0\u00a0\u00a0\u00a0\u00a0\u00a0\u00a0\u00a0\u00a0\u00a0\u00a0\u00a0\u00a0\u00a0\u00a0\u00a0\u00a0\u00a0\u00a0\u00a0\u00a0\u00a040 Jahre Mitglied\u00a0\u00a0\u00a0\u00a0\u00a0\u00a0\u00a0\u00a0 Goldenes Abzeichen des Chorverbands \u00d6sterreich<\/li>\n<\/ul>\n","protected":false},"excerpt":{"rendered":"<p>Die allj\u00e4hrliche Hauptversammlung der Attergauer Liedertafel wurde im Gasthaus &#8222;Gr\u00fcner Baum&#8220; abgehalten. Obammn Meergraf er\u00f6ffnete die Versammlung um 20 Uhr. Es folgte der Bricht des Obmanns. Schriftf\u00fchrer Michael Binder berichtete von dem zahlreichen Aktivit\u00e4ten des Vereines im vergangen Jahr: \u00a0Neben &hellip; <a href=\"http:\/\/www.attergauerliedertafel.at\/index.php\/2011\/10\/ahreshauptversammlung\/\">Weiterlesen <span class=\"meta-nav\">&rarr;<\/span><\/a><\/p>\n","protected":false},"author":2,"featured_media":0,"comment_status":"open","ping_status":"open","sticky":false,"template":"","format":"standard","meta":[],"categories":[1],"tags":[],"_links":{"self":[{"href":"http:\/\/www.attergauerliedertafel.at\/index.php\/wp-json\/wp\/v2\/posts\/441"}],"collection":[{"href":"http:\/\/www.attergauerliedertafel.at\/index.php\/wp-json\/wp\/v2\/posts"}],"about":[{"href":"http:\/\/www.attergauerliedertafel.at\/index.php\/wp-json\/wp\/v2\/types\/post"}],"author":[{"embeddable":true,"href":"http:\/\/www.attergauerliedertafel.at\/index.php\/wp-json\/wp\/v2\/users\/2"}],"replies":[{"embeddable":true,"href":"http:\/\/www.attergauerliedertafel.at\/index.php\/wp-json\/wp\/v2\/comments?post=441"}],"version-history":[{"count":15,"href":"http:\/\/www.attergauerliedertafel.at\/index.php\/wp-json\/wp\/v2\/posts\/441\/revisions"}],"predecessor-version":[{"id":458,"href":"http:\/\/www.attergauerliedertafel.at\/index.php\/wp-json\/wp\/v2\/posts\/441\/revisions\/458"}],"wp:attachment":[{"href":"http:\/\/www.attergauerliedertafel.at\/index.php\/wp-json\/wp\/v2\/media?parent=441"}],"wp:term":[{"taxonomy":"category","embeddable":true,"href":"http:\/\/www.attergauerliedertafel.at\/index.php\/wp-json\/wp\/v2\/categories?post=441"},{"taxonomy":"post_tag","embeddable":true,"href":"http:\/\/www.attergauerliedertafel.at\/index.php\/wp-json\/wp\/v2\/tags?post=441"}],"curies":[{"name":"wp","href":"https:\/\/api.w.org\/{rel}","templated":true}]}}