{"id":462,"date":"2011-10-30T22:57:58","date_gmt":"2011-10-30T20:57:58","guid":{"rendered":"http:\/\/www.attergauerliedertafel.at\/?p=462"},"modified":"2011-10-31T00:06:02","modified_gmt":"2011-10-30T22:06:02","slug":"27-5-2011-lange-nacht-der-kirchen-kirche-einmal-anders","status":"publish","type":"post","link":"http:\/\/www.attergauerliedertafel.at\/index.php\/2011\/10\/27-5-2011-lange-nacht-der-kirchen-kirche-einmal-anders\/","title":{"rendered":"Lange Nacht der Kirchen (Kirche einmal anders) am 27.5.2011"},"content":{"rendered":"<p>Auf Initiative der Katholischen und Evangelischen Kirche in O\u00d6. wurde erstmals die Lange Nacht der Kirchen veranstaltet. Die Attergauer Liedertafel wurde neben den anderen heimischen Ch\u00f6ren eingeladen, sich an dem sehr vielseitigen Programm in der Pfarrkirche und Kalvarienbergkirche in St. Georgen zu beteiligen.<\/p>\n<p>Zu Beginn f\u00fchrte Prof. Helmut Pachler durch die Pfarrkirche und auf den Turm. Dann waren bereits wir an der Reihe und boten von verschiedenen Standorten im Kirchenraum sehr unterschiedliche religi\u00f6se Lieder aus verschiedenen Kulturkreisen und Geschichtsepochen dar: Hambani kahle; Die Freude an Gott, halleluja; Ehre sei Gott; Bonum est confidere; Meine Seele ist stille in Dir; Magnificat; Ev&#8217;ry time I feel the spirit; Froh die Stunde; Amen. W\u00e4hrend Marianne Pachler in den Pausen spirituelle Texte sprach, wanderten wir zu n\u00e4chsten Station weiter. Gerade diese st\u00e4ndige Ver\u00e4nderung der Position in Verbindung mit unseren Liedern trug zu einem neuartigen Gesamteindruck f\u00fcr das zahlreiche Publikum und f\u00fcr uns selbst bei.<\/p>\n<p>Leider mu\u00dften wir anschlie\u00dfend gleich zur Generalprobe f\u00fcr das Fr\u00fchlingskonzert, denn die meisten w\u00e4ren gerne noch geblieben und h\u00e4tten das ganze Programm genossen.<\/p>\n","protected":false},"excerpt":{"rendered":"<p>Auf Initiative der Katholischen und Evangelischen Kirche in O\u00d6. wurde erstmals die Lange Nacht der Kirchen veranstaltet. Die Attergauer Liedertafel wurde neben den anderen heimischen Ch\u00f6ren eingeladen, sich an dem sehr vielseitigen Programm in der Pfarrkirche und Kalvarienbergkirche in St. &hellip; <a href=\"http:\/\/www.attergauerliedertafel.at\/index.php\/2011\/10\/27-5-2011-lange-nacht-der-kirchen-kirche-einmal-anders\/\">Weiterlesen <span class=\"meta-nav\">&rarr;<\/span><\/a><\/p>\n","protected":false},"author":1,"featured_media":0,"comment_status":"open","ping_status":"open","sticky":false,"template":"","format":"standard","meta":[],"categories":[1],"tags":[],"_links":{"self":[{"href":"http:\/\/www.attergauerliedertafel.at\/index.php\/wp-json\/wp\/v2\/posts\/462"}],"collection":[{"href":"http:\/\/www.attergauerliedertafel.at\/index.php\/wp-json\/wp\/v2\/posts"}],"about":[{"href":"http:\/\/www.attergauerliedertafel.at\/index.php\/wp-json\/wp\/v2\/types\/post"}],"author":[{"embeddable":true,"href":"http:\/\/www.attergauerliedertafel.at\/index.php\/wp-json\/wp\/v2\/users\/1"}],"replies":[{"embeddable":true,"href":"http:\/\/www.attergauerliedertafel.at\/index.php\/wp-json\/wp\/v2\/comments?post=462"}],"version-history":[{"count":3,"href":"http:\/\/www.attergauerliedertafel.at\/index.php\/wp-json\/wp\/v2\/posts\/462\/revisions"}],"predecessor-version":[{"id":464,"href":"http:\/\/www.attergauerliedertafel.at\/index.php\/wp-json\/wp\/v2\/posts\/462\/revisions\/464"}],"wp:attachment":[{"href":"http:\/\/www.attergauerliedertafel.at\/index.php\/wp-json\/wp\/v2\/media?parent=462"}],"wp:term":[{"taxonomy":"category","embeddable":true,"href":"http:\/\/www.attergauerliedertafel.at\/index.php\/wp-json\/wp\/v2\/categories?post=462"},{"taxonomy":"post_tag","embeddable":true,"href":"http:\/\/www.attergauerliedertafel.at\/index.php\/wp-json\/wp\/v2\/tags?post=462"}],"curies":[{"name":"wp","href":"https:\/\/api.w.org\/{rel}","templated":true}]}}