{"id":541,"date":"2011-12-11T22:51:26","date_gmt":"2011-12-11T20:51:26","guid":{"rendered":"http:\/\/www.attergauerliedertafel.at\/?p=541"},"modified":"2011-12-11T23:25:42","modified_gmt":"2011-12-11T21:25:42","slug":"cd-aufnahme-am-5-6-nov-2011","status":"publish","type":"post","link":"http:\/\/www.attergauerliedertafel.at\/index.php\/2011\/12\/cd-aufnahme-am-5-6-nov-2011\/","title":{"rendered":"CD-Aufnahme am 5.+6. Nov. 2011"},"content":{"rendered":"<p>Am ersten Novemberwochenende trafen wir uns in der neuen Landesmusikschule St. Georgen mit Florian Danter und seinem Michlbauernchor Weyregg sowie mehreren Instrumentalmusikern zur CD-Aufnahme. Als Tonmeister war Hans Perkhofer aus Tirol engagiert.<\/p>\n<p>Jedes St\u00fcck des V\u00f6cklabrucker Adventkonzertes 2011 wurde genau vorbereitet und in einigen Varianten aufgezeichet, bis der Tonmeister mit uns zufrieden war. Obwohl das Ganze einige Stunden gedauert hat, so haben wir es im Interesse des Gesamterfolges gerne gemacht. Dazwischen gab es noch einen wichtigen Fototermin, damit alle aktiven S\u00e4nger auch bildlich erfa\u00dft waren.<\/p>\n<p>Das Ergebnis kann sich h\u00f6ren lassen: Die CD ist erstmals beim Konzert ab 16.12.2011 zu kaufen und sicher eine sch\u00f6ne Erinnerung f\u00fcr die Fans zum Immer-wieder-H\u00f6ren oder ein nettes Weihnachtsgeschenk f\u00fcr Freunde oder Verwandte.<\/p>\n<p><a rel=\"attachment wp-att-543\" href=\"http:\/\/www.attergauerliedertafel.at\/index.php\/2011\/12\/cd-aufnahme-am-5-6-nov-2011\/img_5964-640x480\/\"><img loading=\"lazy\" class=\"alignleft size-medium wp-image-543\" title=\"IMG_5964 [640x480]\" src=\"http:\/\/www.attergauerliedertafel.at\/wp-content\/uploads\/IMG_5964-640x480-400x225.jpg\" alt=\"\" width=\"400\" height=\"225\" srcset=\"http:\/\/www.attergauerliedertafel.at\/wp-content\/uploads\/IMG_5964-640x480-400x225.jpg 400w, http:\/\/www.attergauerliedertafel.at\/wp-content\/uploads\/IMG_5964-640x480.jpg 640w\" sizes=\"(max-width: 400px) 100vw, 400px\" \/><\/a><a rel=\"attachment wp-att-544\" href=\"http:\/\/www.attergauerliedertafel.at\/index.php\/2011\/12\/cd-aufnahme-am-5-6-nov-2011\/img_5965-640x480\/\"><img loading=\"lazy\" class=\"alignright size-medium wp-image-544\" title=\"IMG_5965 [640x480]\" src=\"http:\/\/www.attergauerliedertafel.at\/wp-content\/uploads\/IMG_5965-640x480-400x225.jpg\" alt=\"\" width=\"400\" height=\"225\" srcset=\"http:\/\/www.attergauerliedertafel.at\/wp-content\/uploads\/IMG_5965-640x480-400x225.jpg 400w, http:\/\/www.attergauerliedertafel.at\/wp-content\/uploads\/IMG_5965-640x480.jpg 640w\" sizes=\"(max-width: 400px) 100vw, 400px\" \/><\/a><\/p>\n","protected":false},"excerpt":{"rendered":"<p>Am ersten Novemberwochenende trafen wir uns in der neuen Landesmusikschule St. Georgen mit Florian Danter und seinem Michlbauernchor Weyregg sowie mehreren Instrumentalmusikern zur CD-Aufnahme. Als Tonmeister war Hans Perkhofer aus Tirol engagiert. Jedes St\u00fcck des V\u00f6cklabrucker Adventkonzertes 2011 wurde genau &hellip; <a href=\"http:\/\/www.attergauerliedertafel.at\/index.php\/2011\/12\/cd-aufnahme-am-5-6-nov-2011\/\">Weiterlesen <span class=\"meta-nav\">&rarr;<\/span><\/a><\/p>\n","protected":false},"author":1,"featured_media":0,"comment_status":"open","ping_status":"open","sticky":false,"template":"","format":"standard","meta":[],"categories":[1],"tags":[],"_links":{"self":[{"href":"http:\/\/www.attergauerliedertafel.at\/index.php\/wp-json\/wp\/v2\/posts\/541"}],"collection":[{"href":"http:\/\/www.attergauerliedertafel.at\/index.php\/wp-json\/wp\/v2\/posts"}],"about":[{"href":"http:\/\/www.attergauerliedertafel.at\/index.php\/wp-json\/wp\/v2\/types\/post"}],"author":[{"embeddable":true,"href":"http:\/\/www.attergauerliedertafel.at\/index.php\/wp-json\/wp\/v2\/users\/1"}],"replies":[{"embeddable":true,"href":"http:\/\/www.attergauerliedertafel.at\/index.php\/wp-json\/wp\/v2\/comments?post=541"}],"version-history":[{"count":5,"href":"http:\/\/www.attergauerliedertafel.at\/index.php\/wp-json\/wp\/v2\/posts\/541\/revisions"}],"predecessor-version":[{"id":553,"href":"http:\/\/www.attergauerliedertafel.at\/index.php\/wp-json\/wp\/v2\/posts\/541\/revisions\/553"}],"wp:attachment":[{"href":"http:\/\/www.attergauerliedertafel.at\/index.php\/wp-json\/wp\/v2\/media?parent=541"}],"wp:term":[{"taxonomy":"category","embeddable":true,"href":"http:\/\/www.attergauerliedertafel.at\/index.php\/wp-json\/wp\/v2\/categories?post=541"},{"taxonomy":"post_tag","embeddable":true,"href":"http:\/\/www.attergauerliedertafel.at\/index.php\/wp-json\/wp\/v2\/tags?post=541"}],"curies":[{"name":"wp","href":"https:\/\/api.w.org\/{rel}","templated":true}]}}