{"id":547,"date":"2011-12-11T23:14:50","date_gmt":"2011-12-11T21:14:50","guid":{"rendered":"http:\/\/www.attergauerliedertafel.at\/?p=547"},"modified":"2011-12-11T23:14:50","modified_gmt":"2011-12-11T21:14:50","slug":"attergauer-advent-am-11-12-2011","status":"publish","type":"post","link":"http:\/\/www.attergauerliedertafel.at\/index.php\/2011\/12\/attergauer-advent-am-11-12-2011\/","title":{"rendered":"Attergauer Advent am 11.12.2011"},"content":{"rendered":"<p><a rel=\"attachment wp-att-549\" href=\"http:\/\/www.attergauerliedertafel.at\/index.php\/2011\/12\/attergauer-advent-am-11-12-2011\/img_6090-640x480\/\"><img loading=\"lazy\" class=\"alignright size-medium wp-image-549\" title=\"IMG_6090 [640x480]\" src=\"http:\/\/www.attergauerliedertafel.at\/wp-content\/uploads\/IMG_6090-640x480-400x225.jpg\" alt=\"\" width=\"400\" height=\"225\" srcset=\"http:\/\/www.attergauerliedertafel.at\/wp-content\/uploads\/IMG_6090-640x480-400x225.jpg 400w, http:\/\/www.attergauerliedertafel.at\/wp-content\/uploads\/IMG_6090-640x480.jpg 640w\" sizes=\"(max-width: 400px) 100vw, 400px\" \/><\/a>Zum ersten Mal veranstalteten wir unser traditionelles Adventsingen im Nikolaus-Harnoncourt-Saal der neuen Landesmusikschule in St. Georgen. Da der Vorverkauf der Karten schon sehr gut lief, konnten wir mit einem guten Besuch rechnen. Das Interesse \u00fcbertraf jedoch alle unsere Erwartungen und wir waren ein Viertelstunde vor Beginn bei 250 Sitzpl\u00e4tzen schon ausverkauft.\u00a0<\/p>\n<p>Das Adventsingen wurde aufgewertet durch die Teilnahme des Klarinettenensembles &#8222;Holzklang&#8220;, zweier Ensembles junger Blechbl\u00e4ser und Hornisten sowie der Hirtelspielgruppe der Volksschule Stra\u00df im Attergau. Zwischen den einzelnen St\u00fccken trug VS-Direktorin Marianne Pachler besinnliche Adventgeschichten vor.<\/p>\n<p>Das Hirtenspiel durch die Strasser Kinder kam beim Publikum sehr gut an und war sicher einer der H\u00f6hepunkte des Nachmittags. Von der Attergauer Liedertafel war eine Mischung von bekannten Kirchen- und Adventliedern sowie mehreren neuen St\u00fccken zu h\u00f6ren: Die Vertonung der Lieder &#8222;Der Zeiger dreht sich unverwandt&#8220; und &#8222;Umkehr&#8220; stammt aus der Feder unseres Chorleiters Josef Maul. Von Andreas und Florian Danter stammten die Musik und von Angelika F\u00fcrthauer die Texte von 2 Premieren: &#8222;Geht&#8217;s mit nach Bethlehem&#8220; und &#8222;In der Heiligen Nacht&#8220;, welche wir auch beim V\u00f6cklabrucker Advent vom 16. bis 18.12.2011 <a rel=\"attachment wp-att-548\" href=\"http:\/\/www.attergauerliedertafel.at\/index.php\/2011\/12\/attergauer-advent-am-11-12-2011\/img_6087-640x480\/\"><img loading=\"lazy\" class=\"alignleft size-medium wp-image-548\" title=\"IMG_6087 [640x480]\" src=\"http:\/\/www.attergauerliedertafel.at\/wp-content\/uploads\/IMG_6087-640x480-400x225.jpg\" alt=\"\" width=\"400\" height=\"225\" srcset=\"http:\/\/www.attergauerliedertafel.at\/wp-content\/uploads\/IMG_6087-640x480-400x225.jpg 400w, http:\/\/www.attergauerliedertafel.at\/wp-content\/uploads\/IMG_6087-640x480.jpg 640w\" sizes=\"(max-width: 400px) 100vw, 400px\" \/><\/a>auff\u00fchren werden.<\/p>\n","protected":false},"excerpt":{"rendered":"<p>Zum ersten Mal veranstalteten wir unser traditionelles Adventsingen im Nikolaus-Harnoncourt-Saal der neuen Landesmusikschule in St. Georgen. Da der Vorverkauf der Karten schon sehr gut lief, konnten wir mit einem guten Besuch rechnen. Das Interesse \u00fcbertraf jedoch alle unsere Erwartungen und &hellip; <a href=\"http:\/\/www.attergauerliedertafel.at\/index.php\/2011\/12\/attergauer-advent-am-11-12-2011\/\">Weiterlesen <span class=\"meta-nav\">&rarr;<\/span><\/a><\/p>\n","protected":false},"author":1,"featured_media":0,"comment_status":"open","ping_status":"open","sticky":false,"template":"","format":"standard","meta":[],"categories":[1],"tags":[],"_links":{"self":[{"href":"http:\/\/www.attergauerliedertafel.at\/index.php\/wp-json\/wp\/v2\/posts\/547"}],"collection":[{"href":"http:\/\/www.attergauerliedertafel.at\/index.php\/wp-json\/wp\/v2\/posts"}],"about":[{"href":"http:\/\/www.attergauerliedertafel.at\/index.php\/wp-json\/wp\/v2\/types\/post"}],"author":[{"embeddable":true,"href":"http:\/\/www.attergauerliedertafel.at\/index.php\/wp-json\/wp\/v2\/users\/1"}],"replies":[{"embeddable":true,"href":"http:\/\/www.attergauerliedertafel.at\/index.php\/wp-json\/wp\/v2\/comments?post=547"}],"version-history":[{"count":3,"href":"http:\/\/www.attergauerliedertafel.at\/index.php\/wp-json\/wp\/v2\/posts\/547\/revisions"}],"predecessor-version":[{"id":552,"href":"http:\/\/www.attergauerliedertafel.at\/index.php\/wp-json\/wp\/v2\/posts\/547\/revisions\/552"}],"wp:attachment":[{"href":"http:\/\/www.attergauerliedertafel.at\/index.php\/wp-json\/wp\/v2\/media?parent=547"}],"wp:term":[{"taxonomy":"category","embeddable":true,"href":"http:\/\/www.attergauerliedertafel.at\/index.php\/wp-json\/wp\/v2\/categories?post=547"},{"taxonomy":"post_tag","embeddable":true,"href":"http:\/\/www.attergauerliedertafel.at\/index.php\/wp-json\/wp\/v2\/tags?post=547"}],"curies":[{"name":"wp","href":"https:\/\/api.w.org\/{rel}","templated":true}]}}