{"id":596,"date":"2012-02-06T00:25:58","date_gmt":"2012-02-05T22:25:58","guid":{"rendered":"http:\/\/www.attergauerliedertafel.at\/?p=596"},"modified":"2012-02-11T13:17:16","modified_gmt":"2012-02-11T11:17:16","slug":"der-maskenball-der-liedertafel-am-4-2-2012-ist-geschichte","status":"publish","type":"post","link":"http:\/\/www.attergauerliedertafel.at\/index.php\/2012\/02\/der-maskenball-der-liedertafel-am-4-2-2012-ist-geschichte\/","title":{"rendered":"Der Maskenball der Liedertafel am 4.2.2012 ist Geschichte"},"content":{"rendered":"<p><a rel=\"attachment wp-att-601\" href=\"http:\/\/www.attergauerliedertafel.at\/index.php\/2012\/02\/der-maskenball-der-liedertafel-am-4-2-2012-ist-geschichte\/img_6593-800x600\/\"><img loading=\"lazy\" class=\"alignleft size-medium wp-image-601\" title=\"IMG_6593 [800x600]\" src=\"http:\/\/www.attergauerliedertafel.at\/wp-content\/uploads\/IMG_6593-800x600-400x225.jpg\" alt=\"\" width=\"400\" height=\"225\" srcset=\"http:\/\/www.attergauerliedertafel.at\/wp-content\/uploads\/IMG_6593-800x600-400x225.jpg 400w, http:\/\/www.attergauerliedertafel.at\/wp-content\/uploads\/IMG_6593-800x600.jpg 800w\" sizes=\"(max-width: 400px) 100vw, 400px\" \/><\/a>Viele Ballbesucher trotzten dem frostigen Wetter und kamen zu unserem traditionellen Maskenball in die Attergauhalle. Auch wenn die Anzahl am Anfang noch \u00fcberschaubar war &#8211; ab 21 Uhr ging es los und danach trudelten 50 Maskengruppen mit ca. 300 Personen ein. Viele davon sind bereits treue G\u00e4ste und kommen jedes Jahr wieder. Nach vielen Jahren mit den Salzburger Musikanten\u00a0 (die obenstehende Revival-Band war au\u00dfer Konkurrrenz) spielten uns diesmal die &#8222;Enzianer&#8220; auf, welche gleich mit ihrem vielseitigen und aktuellen Repertoire eine tolle Stimmung erzeugten.<\/p>\n<p>Sowohl der Festwirt Hannes als auch unsere Bar konnte sich \u00fcber mangelnden Konsum nicht beklagen. Die Raucher im Au\u00dfenzelt mu\u00dften diesmal abgeh\u00e4rtet sein. Wir hatten wieder eine tolle Tombola und viele Warenpreise f\u00fcr die besten Masken vorbereitet. Die aufgelegten Lose waren diesmal bereits um 23 Uhr ausverkauft.\u00a0 Wir teilten die vielen Masken in 3 gro\u00dfe Gruppen auf, damit jede(r) eine faire Chance bekam. Um ca. 1 Uhr fr\u00fch wurden dann die 3 Gruppensieger (Fly Niki, Barbie-Puppen und Bier mit Bienchen) gek\u00fcrt und mit Gutscheinen der heimischen Gastronomen Kirchenwirt Kiefer, Lindenwirt\u00a0Fernerberger,\u00a0Thalham und Gasthof Nagele, Thalham pr\u00e4miert.<\/p>\n<p><a rel=\"attachment wp-att-602\" href=\"http:\/\/www.attergauerliedertafel.at\/index.php\/2012\/02\/der-maskenball-der-liedertafel-am-4-2-2012-ist-geschichte\/img_6586-800x600\/\"><img loading=\"lazy\" title=\"IMG_6586 [800x600]\" src=\"http:\/\/www.attergauerliedertafel.at\/wp-content\/uploads\/IMG_6586-800x600-400x225.jpg\" alt=\"\" width=\"400\" height=\"225\" \/><\/a><a rel=\"attachment wp-att-605\" href=\"http:\/\/www.attergauerliedertafel.at\/index.php\/2012\/02\/der-maskenball-der-liedertafel-am-4-2-2012-ist-geschichte\/img_6577-800x600\/\"><img loading=\"lazy\" class=\"alignright size-medium wp-image-605\" title=\"IMG_6577 [800x600]\" src=\"http:\/\/www.attergauerliedertafel.at\/wp-content\/uploads\/IMG_6577-800x600-400x225.jpg\" alt=\"\" width=\"400\" height=\"225\" srcset=\"http:\/\/www.attergauerliedertafel.at\/wp-content\/uploads\/IMG_6577-800x600-400x225.jpg 400w, http:\/\/www.attergauerliedertafel.at\/wp-content\/uploads\/IMG_6577-800x600.jpg 800w\" sizes=\"(max-width: 400px) 100vw, 400px\" \/><\/a><img loading=\"lazy\" title=\"IMG_6607 [800x600]\" src=\"http:\/\/www.attergauerliedertafel.at\/wp-content\/uploads\/IMG_6607-800x600-168x300.jpg\" alt=\"\" width=\"163\" height=\"229\" \/><\/p>\n<p><a rel=\"attachment wp-att-602\" href=\"http:\/\/www.attergauerliedertafel.at\/index.php\/2012\/02\/der-maskenball-der-liedertafel-am-4-2-2012-ist-geschichte\/img_6586-800x600\/\"><\/a><a rel=\"attachment wp-att-603\" href=\"http:\/\/www.attergauerliedertafel.at\/index.php\/2012\/02\/der-maskenball-der-liedertafel-am-4-2-2012-ist-geschichte\/img_6591-800x600\/\"><img loading=\"lazy\" class=\"alignright size-medium wp-image-603\" title=\"IMG_6591 [800x600]\" src=\"http:\/\/www.attergauerliedertafel.at\/wp-content\/uploads\/IMG_6591-800x600-168x300.jpg\" alt=\"\" width=\"168\" height=\"300\" srcset=\"http:\/\/www.attergauerliedertafel.at\/wp-content\/uploads\/IMG_6591-800x600-168x300.jpg 168w, http:\/\/www.attergauerliedertafel.at\/wp-content\/uploads\/IMG_6591-800x600.jpg 450w\" sizes=\"(max-width: 168px) 100vw, 168px\" \/><\/a><a rel=\"attachment wp-att-604\" href=\"http:\/\/www.attergauerliedertafel.at\/index.php\/2012\/02\/der-maskenball-der-liedertafel-am-4-2-2012-ist-geschichte\/img_6607-800x600\/\"><\/a>Insgesamt durften sich 19 Gruppen \u00fcber interessante Warenpreise freuen, welche uns von der heimischen Wirtschaft gesponsert wurden. Herlichen Dank nochmals daf\u00fcr! Allen Masken, die diesmal keinen Preis erhalten haben, m\u00f6chten wir mitgeben: ihr wart alle super und beim n\u00e4chsten Ball im Februar 2013 gibt es eine neue Chance.<\/p>\n<p><a rel=\"attachment wp-att-606\" href=\"http:\/\/www.attergauerliedertafel.at\/index.php\/2012\/02\/der-maskenball-der-liedertafel-am-4-2-2012-ist-geschichte\/img_6605-800x600\/\"><img loading=\"lazy\" class=\"alignright size-medium wp-image-606\" title=\"IMG_6605 [800x600]\" src=\"http:\/\/www.attergauerliedertafel.at\/wp-content\/uploads\/IMG_6605-800x600-400x225.jpg\" alt=\"\" width=\"400\" height=\"225\" srcset=\"http:\/\/www.attergauerliedertafel.at\/wp-content\/uploads\/IMG_6605-800x600-400x225.jpg 400w, http:\/\/www.attergauerliedertafel.at\/wp-content\/uploads\/IMG_6605-800x600.jpg 800w\" sizes=\"(max-width: 400px) 100vw, 400px\" \/><\/a>F\u00fcr viele Besucher wurde es eine lange Nacht mit viel Tanzen und toller Musik. Wir w\u00fcrden uns freuen, wenn n\u00e4chstes Jahr alle wiederkommen w\u00fcrden.<\/p>\n","protected":false},"excerpt":{"rendered":"<p>Viele Ballbesucher trotzten dem frostigen Wetter und kamen zu unserem traditionellen Maskenball in die Attergauhalle. Auch wenn die Anzahl am Anfang noch \u00fcberschaubar war &#8211; ab 21 Uhr ging es los und danach trudelten 50 Maskengruppen mit ca. 300 Personen &hellip; <a href=\"http:\/\/www.attergauerliedertafel.at\/index.php\/2012\/02\/der-maskenball-der-liedertafel-am-4-2-2012-ist-geschichte\/\">Weiterlesen <span class=\"meta-nav\">&rarr;<\/span><\/a><\/p>\n","protected":false},"author":1,"featured_media":0,"comment_status":"open","ping_status":"open","sticky":false,"template":"","format":"standard","meta":[],"categories":[1],"tags":[],"_links":{"self":[{"href":"http:\/\/www.attergauerliedertafel.at\/index.php\/wp-json\/wp\/v2\/posts\/596"}],"collection":[{"href":"http:\/\/www.attergauerliedertafel.at\/index.php\/wp-json\/wp\/v2\/posts"}],"about":[{"href":"http:\/\/www.attergauerliedertafel.at\/index.php\/wp-json\/wp\/v2\/types\/post"}],"author":[{"embeddable":true,"href":"http:\/\/www.attergauerliedertafel.at\/index.php\/wp-json\/wp\/v2\/users\/1"}],"replies":[{"embeddable":true,"href":"http:\/\/www.attergauerliedertafel.at\/index.php\/wp-json\/wp\/v2\/comments?post=596"}],"version-history":[{"count":21,"href":"http:\/\/www.attergauerliedertafel.at\/index.php\/wp-json\/wp\/v2\/posts\/596\/revisions"}],"predecessor-version":[{"id":624,"href":"http:\/\/www.attergauerliedertafel.at\/index.php\/wp-json\/wp\/v2\/posts\/596\/revisions\/624"}],"wp:attachment":[{"href":"http:\/\/www.attergauerliedertafel.at\/index.php\/wp-json\/wp\/v2\/media?parent=596"}],"wp:term":[{"taxonomy":"category","embeddable":true,"href":"http:\/\/www.attergauerliedertafel.at\/index.php\/wp-json\/wp\/v2\/categories?post=596"},{"taxonomy":"post_tag","embeddable":true,"href":"http:\/\/www.attergauerliedertafel.at\/index.php\/wp-json\/wp\/v2\/tags?post=596"}],"curies":[{"name":"wp","href":"https:\/\/api.w.org\/{rel}","templated":true}]}}