{"id":670,"date":"2012-06-30T17:01:23","date_gmt":"2012-06-30T15:01:23","guid":{"rendered":"http:\/\/www.attergauerliedertafel.at\/?p=670"},"modified":"2012-08-21T18:00:25","modified_gmt":"2012-08-21T16:00:25","slug":"jahreshauptversammlung-am-23-marz-2012","status":"publish","type":"post","link":"http:\/\/www.attergauerliedertafel.at\/index.php\/2012\/06\/jahreshauptversammlung-am-23-marz-2012\/","title":{"rendered":"Jahreshauptversammlung am 23. M\u00e4rz 2012"},"content":{"rendered":"<p>Die j\u00e4hrliche Jahreshauptversammlung wird im Gasthaus Kiener in St. Georgen abgehalten. Dabei begr\u00fc\u00dft Obmann Ernst Merrgraf den B\u00fcrgermeister Mag. Willhelm Autzinger, als Vertretung des Chorverbandes Kons. Gerhard Fitzinger. Es folgen die Berichte der Funktion\u00e4re in denen vor allem ein R\u00fcckblick auf das vergangene Vereinsjahr gehalten wird. Die anstehende Neuwahl f\u00fchrt Bgm. Autzinger durch und gratulierte alle gew\u00e4hlten Funktion\u00e4re zur Wahl.<a rel=\"attachment wp-att-737\" href=\"http:\/\/www.attergauerliedertafel.at\/index.php\/2012\/06\/jahreshauptversammlung-am-23-marz-2012\/img_3240\/\"><img loading=\"lazy\" class=\"alignleft size-thumbnail wp-image-737\" title=\"IMG_3240\" src=\"http:\/\/www.attergauerliedertafel.at\/wp-content\/uploads\/IMG_3240-150x150.jpg\" alt=\"\" width=\"150\" height=\"150\" \/><\/a><a rel=\"attachment wp-att-741\" href=\"http:\/\/www.attergauerliedertafel.at\/index.php\/2012\/06\/jahreshauptversammlung-am-23-marz-2012\/img_3253\/\"><img loading=\"lazy\" class=\"alignleft size-thumbnail wp-image-741\" title=\"IMG_3253\" src=\"http:\/\/www.attergauerliedertafel.at\/wp-content\/uploads\/IMG_3253-150x150.jpg\" alt=\"\" width=\"150\" height=\"150\" \/><\/a><a rel=\"attachment wp-att-738\" href=\"http:\/\/www.attergauerliedertafel.at\/index.php\/2012\/06\/jahreshauptversammlung-am-23-marz-2012\/img_3243\/\"><img loading=\"lazy\" class=\"size-thumbnail wp-image-738 alignright\" title=\"IMG_3243\" src=\"http:\/\/www.attergauerliedertafel.at\/wp-content\/uploads\/IMG_3243-150x150.jpg\" alt=\"\" width=\"150\" height=\"150\" \/><\/a><a rel=\"attachment wp-att-739\" href=\"http:\/\/www.attergauerliedertafel.at\/index.php\/2012\/06\/jahreshauptversammlung-am-23-marz-2012\/img_3244\/\"><img loading=\"lazy\" class=\"size-thumbnail wp-image-739 alignright\" title=\"IMG_3244\" src=\"http:\/\/www.attergauerliedertafel.at\/wp-content\/uploads\/IMG_3244-150x150.jpg\" alt=\"\" width=\"150\" height=\"150\" \/><\/a><\/p>\n<p><a rel=\"attachment wp-att-736\" href=\"http:\/\/www.attergauerliedertafel.at\/index.php\/2012\/06\/jahreshauptversammlung-am-23-marz-2012\/img_3238-1\/\"><img loading=\"lazy\" class=\"alignnone size-medium wp-image-736\" title=\"IMG_3238-1\" src=\"http:\/\/www.attergauerliedertafel.at\/wp-content\/uploads\/IMG_3238-1-132x300.jpg\" alt=\"\" width=\"132\" height=\"300\" srcset=\"http:\/\/www.attergauerliedertafel.at\/wp-content\/uploads\/IMG_3238-1-132x300.jpg 132w, http:\/\/www.attergauerliedertafel.at\/wp-content\/uploads\/IMG_3238-1.jpg 263w\" sizes=\"(max-width: 132px) 100vw, 132px\" \/><\/a><a rel=\"attachment wp-att-740\" href=\"http:\/\/www.attergauerliedertafel.at\/index.php\/2012\/06\/jahreshauptversammlung-am-23-marz-2012\/img_3246\/\"><img loading=\"lazy\" class=\"alignnone size-thumbnail wp-image-740\" title=\"IMG_3246\" src=\"http:\/\/www.attergauerliedertafel.at\/wp-content\/uploads\/IMG_3246-150x150.jpg\" alt=\"\" width=\"150\" height=\"150\" \/><\/a>Franz Hollerw\u00f6ger, einer der verdientesten B\u00e4sse unseres Vereines,\u00a0erhielt von Obmann Meergraf die Ehrenmitgliedschaft zu unserem Verein und \u00fcbereichte die entsprechende Urkunde.<\/p>\n","protected":false},"excerpt":{"rendered":"<p>Die j\u00e4hrliche Jahreshauptversammlung wird im Gasthaus Kiener in St. Georgen abgehalten. Dabei begr\u00fc\u00dft Obmann Ernst Merrgraf den B\u00fcrgermeister Mag. Willhelm Autzinger, als Vertretung des Chorverbandes Kons. Gerhard Fitzinger. Es folgen die Berichte der Funktion\u00e4re in denen vor allem ein R\u00fcckblick &hellip; <a href=\"http:\/\/www.attergauerliedertafel.at\/index.php\/2012\/06\/jahreshauptversammlung-am-23-marz-2012\/\">Weiterlesen <span class=\"meta-nav\">&rarr;<\/span><\/a><\/p>\n","protected":false},"author":1,"featured_media":0,"comment_status":"open","ping_status":"open","sticky":false,"template":"","format":"standard","meta":[],"categories":[1],"tags":[],"_links":{"self":[{"href":"http:\/\/www.attergauerliedertafel.at\/index.php\/wp-json\/wp\/v2\/posts\/670"}],"collection":[{"href":"http:\/\/www.attergauerliedertafel.at\/index.php\/wp-json\/wp\/v2\/posts"}],"about":[{"href":"http:\/\/www.attergauerliedertafel.at\/index.php\/wp-json\/wp\/v2\/types\/post"}],"author":[{"embeddable":true,"href":"http:\/\/www.attergauerliedertafel.at\/index.php\/wp-json\/wp\/v2\/users\/1"}],"replies":[{"embeddable":true,"href":"http:\/\/www.attergauerliedertafel.at\/index.php\/wp-json\/wp\/v2\/comments?post=670"}],"version-history":[{"count":4,"href":"http:\/\/www.attergauerliedertafel.at\/index.php\/wp-json\/wp\/v2\/posts\/670\/revisions"}],"predecessor-version":[{"id":745,"href":"http:\/\/www.attergauerliedertafel.at\/index.php\/wp-json\/wp\/v2\/posts\/670\/revisions\/745"}],"wp:attachment":[{"href":"http:\/\/www.attergauerliedertafel.at\/index.php\/wp-json\/wp\/v2\/media?parent=670"}],"wp:term":[{"taxonomy":"category","embeddable":true,"href":"http:\/\/www.attergauerliedertafel.at\/index.php\/wp-json\/wp\/v2\/categories?post=670"},{"taxonomy":"post_tag","embeddable":true,"href":"http:\/\/www.attergauerliedertafel.at\/index.php\/wp-json\/wp\/v2\/tags?post=670"}],"curies":[{"name":"wp","href":"https:\/\/api.w.org\/{rel}","templated":true}]}}