{"id":673,"date":"2012-06-30T17:06:14","date_gmt":"2012-06-30T15:06:14","guid":{"rendered":"http:\/\/www.attergauerliedertafel.at\/?p=673"},"modified":"2012-08-21T17:18:55","modified_gmt":"2012-08-21T15:18:55","slug":"benefizkonzert-in-der-volksschule-stras-am-3-mai-2012","status":"publish","type":"post","link":"http:\/\/www.attergauerliedertafel.at\/index.php\/2012\/06\/benefizkonzert-in-der-volksschule-stras-am-3-mai-2012\/","title":{"rendered":"Benefizkonzert in der Volksschule Stra\u00df am 3. Mai 2012"},"content":{"rendered":"<p>Neben vielen &#8222;Stra\u00dfer&#8220; &#8211; K\u00fcnstlern, ehemalige und aktive Sch\u00fcler der Volksschule Stra\u00df im Attergau; wirkt auch unser Chor bei dieser Benefizveranstaltung mit. Der Einladung von Frau Direktor Pachler folgen wir sehr gerne und bereichern diese gelungene Veranstaltung mit unseren M\u00e4nnerstimmen.<a rel=\"attachment wp-att-732\" href=\"http:\/\/www.attergauerliedertafel.at\/index.php\/2012\/06\/benefizkonzert-in-der-volksschule-stras-am-3-mai-2012\/img_3575\/\"><img loading=\"lazy\" class=\"alignleft size-medium wp-image-732\" title=\"IMG_3575\" src=\"http:\/\/www.attergauerliedertafel.at\/wp-content\/uploads\/IMG_3575-400x300.jpg\" alt=\"\" width=\"400\" height=\"300\" srcset=\"http:\/\/www.attergauerliedertafel.at\/wp-content\/uploads\/IMG_3575-400x300.jpg 400w, http:\/\/www.attergauerliedertafel.at\/wp-content\/uploads\/IMG_3575-1024x768.jpg 1024w\" sizes=\"(max-width: 400px) 100vw, 400px\" \/><\/a><\/p>\n","protected":false},"excerpt":{"rendered":"<p>Neben vielen &#8222;Stra\u00dfer&#8220; &#8211; K\u00fcnstlern, ehemalige und aktive Sch\u00fcler der Volksschule Stra\u00df im Attergau; wirkt auch unser Chor bei dieser Benefizveranstaltung mit. Der Einladung von Frau Direktor Pachler folgen wir sehr gerne und bereichern diese gelungene Veranstaltung mit unseren M\u00e4nnerstimmen.<\/p>\n","protected":false},"author":1,"featured_media":0,"comment_status":"open","ping_status":"open","sticky":false,"template":"","format":"standard","meta":[],"categories":[1],"tags":[],"_links":{"self":[{"href":"http:\/\/www.attergauerliedertafel.at\/index.php\/wp-json\/wp\/v2\/posts\/673"}],"collection":[{"href":"http:\/\/www.attergauerliedertafel.at\/index.php\/wp-json\/wp\/v2\/posts"}],"about":[{"href":"http:\/\/www.attergauerliedertafel.at\/index.php\/wp-json\/wp\/v2\/types\/post"}],"author":[{"embeddable":true,"href":"http:\/\/www.attergauerliedertafel.at\/index.php\/wp-json\/wp\/v2\/users\/1"}],"replies":[{"embeddable":true,"href":"http:\/\/www.attergauerliedertafel.at\/index.php\/wp-json\/wp\/v2\/comments?post=673"}],"version-history":[{"count":4,"href":"http:\/\/www.attergauerliedertafel.at\/index.php\/wp-json\/wp\/v2\/posts\/673\/revisions"}],"predecessor-version":[{"id":735,"href":"http:\/\/www.attergauerliedertafel.at\/index.php\/wp-json\/wp\/v2\/posts\/673\/revisions\/735"}],"wp:attachment":[{"href":"http:\/\/www.attergauerliedertafel.at\/index.php\/wp-json\/wp\/v2\/media?parent=673"}],"wp:term":[{"taxonomy":"category","embeddable":true,"href":"http:\/\/www.attergauerliedertafel.at\/index.php\/wp-json\/wp\/v2\/categories?post=673"},{"taxonomy":"post_tag","embeddable":true,"href":"http:\/\/www.attergauerliedertafel.at\/index.php\/wp-json\/wp\/v2\/tags?post=673"}],"curies":[{"name":"wp","href":"https:\/\/api.w.org\/{rel}","templated":true}]}}