{"id":675,"date":"2012-06-30T17:07:43","date_gmt":"2012-06-30T15:07:43","guid":{"rendered":"http:\/\/www.attergauerliedertafel.at\/?p=675"},"modified":"2012-08-21T17:09:34","modified_gmt":"2012-08-21T15:09:34","slug":"fruhlingskonzert-16-mai-2012-heast-as-net-wie-die-zeit-vergeht","status":"publish","type":"post","link":"http:\/\/www.attergauerliedertafel.at\/index.php\/2012\/06\/fruhlingskonzert-16-mai-2012-heast-as-net-wie-die-zeit-vergeht\/","title":{"rendered":"Fr\u00fchlingskonzert 16.Mai 2012 &#8222;Heast as net, wie die Zeit vergeht&#8220;"},"content":{"rendered":"<p><a rel=\"attachment wp-att-728\" href=\"http:\/\/www.attergauerliedertafel.at\/index.php\/2012\/06\/fruhlingskonzert-16-mai-2012-heast-as-net-wie-die-zeit-vergeht\/img_3720\/\"><img loading=\"lazy\" class=\"alignleft size-medium wp-image-728\" title=\"IMG_3720\" src=\"http:\/\/www.attergauerliedertafel.at\/wp-content\/uploads\/IMG_3720-400x300.jpg\" alt=\"\" width=\"400\" height=\"300\" srcset=\"http:\/\/www.attergauerliedertafel.at\/wp-content\/uploads\/IMG_3720-400x300.jpg 400w, http:\/\/www.attergauerliedertafel.at\/wp-content\/uploads\/IMG_3720.jpg 640w\" sizes=\"(max-width: 400px) 100vw, 400px\" \/><\/a>Das Fr\u00fchlingskonzert unseres Vereins ist der <a rel=\"attachment wp-att-721\" href=\"http:\/\/www.attergauerliedertafel.at\/index.php\/2012\/06\/fruhlingskonzert-16-mai-2012-heast-as-net-wie-die-zeit-vergeht\/img_3725\/\"><img loading=\"lazy\" class=\"alignright size-thumbnail wp-image-721\" title=\"IMG_3725\" src=\"http:\/\/www.attergauerliedertafel.at\/wp-content\/uploads\/IMG_3725-150x150.jpg\" alt=\"\" width=\"150\" height=\"150\" \/><\/a>H\u00f6hepunkt vor der Sommerpause. Unterst\u00fctzt von Solistin und Sprecherin Sonja Schachl, dem Pianisten Norbert Huber und Sch\u00fclern der Volksschule St. Georgen wird ein abwechlungsreiches und ansprechendes Programm geboten. Die Sch\u00fcler geben in Liedern und Gedichten ihr Bestes, Frau D<a rel=\"attachment wp-att-725\" href=\"http:\/\/www.attergauerliedertafel.at\/index.php\/2012\/06\/fruhlingskonzert-16-mai-2012-heast-as-net-wie-die-zeit-vergeht\/img_3708\/\"><img loading=\"lazy\" class=\"alignright size-thumbnail wp-image-725\" title=\"IMG_3708\" src=\"http:\/\/www.attergauerliedertafel.at\/wp-content\/uploads\/IMG_3708-150x150.jpg\" alt=\"\" width=\"150\" height=\"150\" \/><\/a><a rel=\"attachment wp-att-727\" href=\"http:\/\/www.attergauerliedertafel.at\/index.php\/2012\/06\/fruhlingskonzert-16-mai-2012-heast-as-net-wie-die-zeit-vergeht\/img_3721\/\"><\/a><a rel=\"attachment wp-att-726\" href=\"http:\/\/www.attergauerliedertafel.at\/index.php\/2012\/06\/fruhlingskonzert-16-mai-2012-heast-as-net-wie-die-zeit-vergeht\/img_3712\/\"><img loading=\"lazy\" class=\"size-thumbnail wp-image-726 alignright\" title=\"IMG_3712\" src=\"http:\/\/www.attergauerliedertafel.at\/wp-content\/uploads\/IMG_3712-150x150.jpg\" alt=\"\" width=\"150\" height=\"150\" \/><\/a>irektor Schachl \u00fcberzeugt als Solistin und Sprecherin das Publikum und die Liedertafel singen ein breites Spektrum des Volksliedes; von Altbekannten bis hin zum &#8222;neuen&#8220; Volkslied wie z.B.: Heast as net &#8211; Hubert von Goisern<\/p>\n<p><a rel=\"attachment wp-att-723\" href=\"http:\/\/www.attergauerliedertafel.at\/index.php\/2012\/06\/fruhlingskonzert-16-mai-2012-heast-as-net-wie-die-zeit-vergeht\/img_3704\/\"><img loading=\"lazy\" class=\"alignleft size-thumbnail wp-image-723\" title=\"IMG_3704\" src=\"http:\/\/www.attergauerliedertafel.at\/wp-content\/uploads\/IMG_3704-150x150.jpg\" alt=\"\" width=\"150\" height=\"150\" \/><\/a><a rel=\"attachment wp-att-724\" href=\"http:\/\/www.attergauerliedertafel.at\/index.php\/2012\/06\/fruhlingskonzert-16-mai-2012-heast-as-net-wie-die-zeit-vergeht\/img_3705\/\"><img loading=\"lazy\" class=\"size-thumbnail wp-image-724 alignleft\" title=\"IMG_3705\" src=\"http:\/\/www.attergauerliedertafel.at\/wp-content\/uploads\/IMG_3705-150x150.jpg\" alt=\"\" width=\"150\" height=\"150\" \/><\/a>\u00a0\u00a0\u00a0\u00a0 <a rel=\"attachment wp-att-722\" href=\"http:\/\/www.attergauerliedertafel.at\/index.php\/2012\/06\/fruhlingskonzert-16-mai-2012-heast-as-net-wie-die-zeit-vergeht\/img_3703\/\"><img loading=\"lazy\" class=\"size-thumbnail wp-image-722 alignnone\" title=\"IMG_3703\" src=\"http:\/\/www.attergauerliedertafel.at\/wp-content\/uploads\/IMG_3703-150x150.jpg\" alt=\"\" width=\"150\" height=\"150\" \/><\/a><\/p>\n","protected":false},"excerpt":{"rendered":"<p>Das Fr\u00fchlingskonzert unseres Vereins ist der H\u00f6hepunkt vor der Sommerpause. Unterst\u00fctzt von Solistin und Sprecherin Sonja Schachl, dem Pianisten Norbert Huber und Sch\u00fclern der Volksschule St. Georgen wird ein abwechlungsreiches und ansprechendes Programm geboten. Die Sch\u00fcler geben in Liedern und &hellip; <a href=\"http:\/\/www.attergauerliedertafel.at\/index.php\/2012\/06\/fruhlingskonzert-16-mai-2012-heast-as-net-wie-die-zeit-vergeht\/\">Weiterlesen <span class=\"meta-nav\">&rarr;<\/span><\/a><\/p>\n","protected":false},"author":1,"featured_media":728,"comment_status":"open","ping_status":"open","sticky":false,"template":"","format":"standard","meta":[],"categories":[1],"tags":[],"_links":{"self":[{"href":"http:\/\/www.attergauerliedertafel.at\/index.php\/wp-json\/wp\/v2\/posts\/675"}],"collection":[{"href":"http:\/\/www.attergauerliedertafel.at\/index.php\/wp-json\/wp\/v2\/posts"}],"about":[{"href":"http:\/\/www.attergauerliedertafel.at\/index.php\/wp-json\/wp\/v2\/types\/post"}],"author":[{"embeddable":true,"href":"http:\/\/www.attergauerliedertafel.at\/index.php\/wp-json\/wp\/v2\/users\/1"}],"replies":[{"embeddable":true,"href":"http:\/\/www.attergauerliedertafel.at\/index.php\/wp-json\/wp\/v2\/comments?post=675"}],"version-history":[{"count":4,"href":"http:\/\/www.attergauerliedertafel.at\/index.php\/wp-json\/wp\/v2\/posts\/675\/revisions"}],"predecessor-version":[{"id":731,"href":"http:\/\/www.attergauerliedertafel.at\/index.php\/wp-json\/wp\/v2\/posts\/675\/revisions\/731"}],"wp:featuredmedia":[{"embeddable":true,"href":"http:\/\/www.attergauerliedertafel.at\/index.php\/wp-json\/wp\/v2\/media\/728"}],"wp:attachment":[{"href":"http:\/\/www.attergauerliedertafel.at\/index.php\/wp-json\/wp\/v2\/media?parent=675"}],"wp:term":[{"taxonomy":"category","embeddable":true,"href":"http:\/\/www.attergauerliedertafel.at\/index.php\/wp-json\/wp\/v2\/categories?post=675"},{"taxonomy":"post_tag","embeddable":true,"href":"http:\/\/www.attergauerliedertafel.at\/index.php\/wp-json\/wp\/v2\/tags?post=675"}],"curies":[{"name":"wp","href":"https:\/\/api.w.org\/{rel}","templated":true}]}}