{"id":677,"date":"2012-06-30T17:09:22","date_gmt":"2012-06-30T15:09:22","guid":{"rendered":"http:\/\/www.attergauerliedertafel.at\/?p=677"},"modified":"2012-08-21T23:18:43","modified_gmt":"2012-08-21T21:18:43","slug":"vogl-anna-gedenkfeier-sa-2-juni-2012-attergauhalle","status":"publish","type":"post","link":"http:\/\/www.attergauerliedertafel.at\/index.php\/2012\/06\/vogl-anna-gedenkfeier-sa-2-juni-2012-attergauhalle\/","title":{"rendered":"Vogl-Anna-Gedenkfeier, Sa 2. Juni 2012, Attergauhalle"},"content":{"rendered":"<p><a rel=\"attachment wp-att-687\" href=\"http:\/\/www.attergauerliedertafel.at\/index.php\/2012\/06\/vogl-anna-gedenkfeier-sa-2-juni-2012-attergauhalle\/img_7072-800x600\/\"><img loading=\"lazy\" class=\"alignright size-medium wp-image-687\" title=\"IMG_7072 [800x600]\" src=\"http:\/\/www.attergauerliedertafel.at\/wp-content\/uploads\/IMG_7072-800x600-400x225.jpg\" alt=\"\" width=\"400\" height=\"225\" srcset=\"http:\/\/www.attergauerliedertafel.at\/wp-content\/uploads\/IMG_7072-800x600-400x225.jpg 400w, http:\/\/www.attergauerliedertafel.at\/wp-content\/uploads\/IMG_7072-800x600.jpg 800w\" sizes=\"(max-width: 400px) 100vw, 400px\" \/><\/a>Der Heimatverein Attergau veranstaltete zum 50. Todestag der Attergauer Heimatdichterin Anna Vogl eine abwechslungsreiche Gedenkfeier. Nach dem Er\u00f6ffnungsmarsch &#8222;Hoamat mei Attergau&#8220; von Franz Nagl trugen Mitglieder des Literaturkreises\u00a0typische Ausschnitte aus dem Briefverkehr von Anna Vogl\u00a0mit Pfarrer Franz Xaver Blasl vor.\u00a0Die Attergauer Spielleut&#8216;, der Scherrhaufen, der Chor der Pfarre St. Georgen und die Attergauer Liedertafel\u00a0boten abwechselnd bekannte und bisher unbekannte\u00a0Lieder dar, welche von der Heimatdichterin geschrieben und von Pfarrer Blasl vertont worden sind. Die Liedertafel sang &#8222;D&#8217;Holzhacka&#8220;, &#8222;Ban Schnitt&#8220; und den Jodler &#8222;Schnittertanz&#8220;. Den H\u00f6hepunkt und Abschlu\u00df bildete der gemeinsame Gesang der Attergau-Hymne &#8222;I woa\u00df a Platzerl&#8220;.<\/p>\n<p>Dem Heimatverein Attergau mit Prof. Pachler gelang es hier, eine historisch interessante und unterhaltsame Veranstaltung auf die Beine zu stellen.\u00a0Das Publikum im vollen Saal erlebte einen unverge\u00dflichen Abend.<\/p>\n","protected":false},"excerpt":{"rendered":"<p>Der Heimatverein Attergau veranstaltete zum 50. Todestag der Attergauer Heimatdichterin Anna Vogl eine abwechslungsreiche Gedenkfeier. Nach dem Er\u00f6ffnungsmarsch &#8222;Hoamat mei Attergau&#8220; von Franz Nagl trugen Mitglieder des Literaturkreises\u00a0typische Ausschnitte aus dem Briefverkehr von Anna Vogl\u00a0mit Pfarrer Franz Xaver Blasl vor.\u00a0Die &hellip; <a href=\"http:\/\/www.attergauerliedertafel.at\/index.php\/2012\/06\/vogl-anna-gedenkfeier-sa-2-juni-2012-attergauhalle\/\">Weiterlesen <span class=\"meta-nav\">&rarr;<\/span><\/a><\/p>\n","protected":false},"author":1,"featured_media":0,"comment_status":"open","ping_status":"open","sticky":false,"template":"","format":"standard","meta":[],"categories":[1],"tags":[],"_links":{"self":[{"href":"http:\/\/www.attergauerliedertafel.at\/index.php\/wp-json\/wp\/v2\/posts\/677"}],"collection":[{"href":"http:\/\/www.attergauerliedertafel.at\/index.php\/wp-json\/wp\/v2\/posts"}],"about":[{"href":"http:\/\/www.attergauerliedertafel.at\/index.php\/wp-json\/wp\/v2\/types\/post"}],"author":[{"embeddable":true,"href":"http:\/\/www.attergauerliedertafel.at\/index.php\/wp-json\/wp\/v2\/users\/1"}],"replies":[{"embeddable":true,"href":"http:\/\/www.attergauerliedertafel.at\/index.php\/wp-json\/wp\/v2\/comments?post=677"}],"version-history":[{"count":10,"href":"http:\/\/www.attergauerliedertafel.at\/index.php\/wp-json\/wp\/v2\/posts\/677\/revisions"}],"predecessor-version":[{"id":750,"href":"http:\/\/www.attergauerliedertafel.at\/index.php\/wp-json\/wp\/v2\/posts\/677\/revisions\/750"}],"wp:attachment":[{"href":"http:\/\/www.attergauerliedertafel.at\/index.php\/wp-json\/wp\/v2\/media?parent=677"}],"wp:term":[{"taxonomy":"category","embeddable":true,"href":"http:\/\/www.attergauerliedertafel.at\/index.php\/wp-json\/wp\/v2\/categories?post=677"},{"taxonomy":"post_tag","embeddable":true,"href":"http:\/\/www.attergauerliedertafel.at\/index.php\/wp-json\/wp\/v2\/tags?post=677"}],"curies":[{"name":"wp","href":"https:\/\/api.w.org\/{rel}","templated":true}]}}