{"id":691,"date":"2012-08-13T17:14:46","date_gmt":"2012-08-13T15:14:46","guid":{"rendered":"http:\/\/www.attergauerliedertafel.at\/?p=691"},"modified":"2012-08-21T15:24:20","modified_gmt":"2012-08-21T13:24:20","slug":"chor-open-air-am-1-juli-2012-in-attersee","status":"publish","type":"post","link":"http:\/\/www.attergauerliedertafel.at\/index.php\/2012\/08\/chor-open-air-am-1-juli-2012-in-attersee\/","title":{"rendered":"Chor-Open-air am 1. Juli 2012 in Attersee"},"content":{"rendered":"<p><a rel=\"attachment wp-att-707\" href=\"http:\/\/www.attergauerliedertafel.at\/index.php\/2012\/08\/chor-open-air-am-1-juli-2012-in-attersee\/img_4272\/\"><img loading=\"lazy\" class=\"alignright size-medium wp-image-707\" title=\"IMG_4272\" src=\"http:\/\/www.attergauerliedertafel.at\/wp-content\/uploads\/IMG_4272-400x300.jpg\" alt=\"\" width=\"400\" height=\"300\" srcset=\"http:\/\/www.attergauerliedertafel.at\/wp-content\/uploads\/IMG_4272-400x300.jpg 400w, http:\/\/www.attergauerliedertafel.at\/wp-content\/uploads\/IMG_4272-1024x768.jpg 1024w\" sizes=\"(max-width: 400px) 100vw, 400px\" \/><\/a>Bei diesem schon zur Tradition gewordenen Freiluftkonzert verschiedener Ch\u00f6re der Umgebung am wundersch\u00f6nen Kirchenh\u00fcgel in Attersee am Attersee nehmen wir immer wieder gerne teil. Diesmal spielte das Wetter gut mit, nur den Ausklang verblies der Wind und das Gewitter. Viele Zuh\u00f6her genossen den sch\u00f6nen Nachmittag bei abwechslungsreicher Chormusik und guter Bewirtung seitens des Veranstalters Singkreis Attersee.<\/p>\n","protected":false},"excerpt":{"rendered":"<p>Bei diesem schon zur Tradition gewordenen Freiluftkonzert verschiedener Ch\u00f6re der Umgebung am wundersch\u00f6nen Kirchenh\u00fcgel in Attersee am Attersee nehmen wir immer wieder gerne teil. Diesmal spielte das Wetter gut mit, nur den Ausklang verblies der Wind und das Gewitter. Viele &hellip; <a href=\"http:\/\/www.attergauerliedertafel.at\/index.php\/2012\/08\/chor-open-air-am-1-juli-2012-in-attersee\/\">Weiterlesen <span class=\"meta-nav\">&rarr;<\/span><\/a><\/p>\n","protected":false},"author":1,"featured_media":0,"comment_status":"open","ping_status":"open","sticky":false,"template":"","format":"standard","meta":[],"categories":[1],"tags":[],"_links":{"self":[{"href":"http:\/\/www.attergauerliedertafel.at\/index.php\/wp-json\/wp\/v2\/posts\/691"}],"collection":[{"href":"http:\/\/www.attergauerliedertafel.at\/index.php\/wp-json\/wp\/v2\/posts"}],"about":[{"href":"http:\/\/www.attergauerliedertafel.at\/index.php\/wp-json\/wp\/v2\/types\/post"}],"author":[{"embeddable":true,"href":"http:\/\/www.attergauerliedertafel.at\/index.php\/wp-json\/wp\/v2\/users\/1"}],"replies":[{"embeddable":true,"href":"http:\/\/www.attergauerliedertafel.at\/index.php\/wp-json\/wp\/v2\/comments?post=691"}],"version-history":[{"count":8,"href":"http:\/\/www.attergauerliedertafel.at\/index.php\/wp-json\/wp\/v2\/posts\/691\/revisions"}],"predecessor-version":[{"id":709,"href":"http:\/\/www.attergauerliedertafel.at\/index.php\/wp-json\/wp\/v2\/posts\/691\/revisions\/709"}],"wp:attachment":[{"href":"http:\/\/www.attergauerliedertafel.at\/index.php\/wp-json\/wp\/v2\/media?parent=691"}],"wp:term":[{"taxonomy":"category","embeddable":true,"href":"http:\/\/www.attergauerliedertafel.at\/index.php\/wp-json\/wp\/v2\/categories?post=691"},{"taxonomy":"post_tag","embeddable":true,"href":"http:\/\/www.attergauerliedertafel.at\/index.php\/wp-json\/wp\/v2\/tags?post=691"}],"curies":[{"name":"wp","href":"https:\/\/api.w.org\/{rel}","templated":true}]}}