{"id":693,"date":"2012-08-13T17:21:03","date_gmt":"2012-08-13T15:21:03","guid":{"rendered":"http:\/\/www.attergauerliedertafel.at\/?p=693"},"modified":"2012-08-21T16:06:10","modified_gmt":"2012-08-21T14:06:10","slug":"sommerliches-grillfest-am-7-7-2012-beim-windhager-in-konigswiesen","status":"publish","type":"post","link":"http:\/\/www.attergauerliedertafel.at\/index.php\/2012\/08\/sommerliches-grillfest-am-7-7-2012-beim-windhager-in-konigswiesen\/","title":{"rendered":"sommerliches Grillfest am 7.7.2012 beim Windhager in K\u00f6nigswiesen"},"content":{"rendered":"<p><a rel=\"attachment wp-att-710\" href=\"http:\/\/www.attergauerliedertafel.at\/index.php\/2012\/08\/sommerliches-grillfest-am-7-7-2012-beim-windhager-in-konigswiesen\/img_4288\/\"><img loading=\"lazy\" class=\"alignright size-thumbnail wp-image-710\" title=\"IMG_4288\" src=\"http:\/\/www.attergauerliedertafel.at\/wp-content\/uploads\/IMG_4288-150x150.jpg\" alt=\"\" width=\"150\" height=\"150\" \/><\/a><a rel=\"attachment wp-att-711\" href=\"http:\/\/www.attergauerliedertafel.at\/index.php\/2012\/08\/sommerliches-grillfest-am-7-7-2012-beim-windhager-in-konigswiesen\/img_4282\/\"><img loading=\"lazy\" class=\"alignright size-thumbnail wp-image-711\" title=\"IMG_4282\" src=\"http:\/\/www.attergauerliedertafel.at\/wp-content\/uploads\/IMG_4282-150x150.jpg\" alt=\"\" width=\"150\" height=\"150\" \/><\/a><a rel=\"attachment wp-att-712\" href=\"http:\/\/www.attergauerliedertafel.at\/index.php\/2012\/08\/sommerliches-grillfest-am-7-7-2012-beim-windhager-in-konigswiesen\/img_4283\/\"><img loading=\"lazy\" class=\"alignright size-thumbnail wp-image-712\" title=\"IMG_4283\" src=\"http:\/\/www.attergauerliedertafel.at\/wp-content\/uploads\/IMG_4283-e1345557910592-150x150.jpg\" alt=\"\" width=\"150\" height=\"150\" \/><\/a>Unser beliebtes Grillfest im Sommer geh\u00f6rt seit vielen Jahren zum Jahresprogramm und stellt f\u00fcr uns Musiker eine Belohnung f\u00fcr die Probenarbeit und die Ausr\u00fcckungen im ersten Halbjahr dar. Wer nicht gerade auf Urlaub war, kam gerne (die meisten mit Partner) und lie\u00df es sich gutgehen. Bei reichlich Speis und Trank und gutem Gesang verbrachten wir gem\u00fctliche Stunden.<\/p>\n","protected":false},"excerpt":{"rendered":"<p>Unser beliebtes Grillfest im Sommer geh\u00f6rt seit vielen Jahren zum Jahresprogramm und stellt f\u00fcr uns Musiker eine Belohnung f\u00fcr die Probenarbeit und die Ausr\u00fcckungen im ersten Halbjahr dar. Wer nicht gerade auf Urlaub war, kam gerne (die meisten mit Partner) &hellip; <a href=\"http:\/\/www.attergauerliedertafel.at\/index.php\/2012\/08\/sommerliches-grillfest-am-7-7-2012-beim-windhager-in-konigswiesen\/\">Weiterlesen <span class=\"meta-nav\">&rarr;<\/span><\/a><\/p>\n","protected":false},"author":1,"featured_media":0,"comment_status":"open","ping_status":"open","sticky":false,"template":"","format":"standard","meta":[],"categories":[1],"tags":[],"_links":{"self":[{"href":"http:\/\/www.attergauerliedertafel.at\/index.php\/wp-json\/wp\/v2\/posts\/693"}],"collection":[{"href":"http:\/\/www.attergauerliedertafel.at\/index.php\/wp-json\/wp\/v2\/posts"}],"about":[{"href":"http:\/\/www.attergauerliedertafel.at\/index.php\/wp-json\/wp\/v2\/types\/post"}],"author":[{"embeddable":true,"href":"http:\/\/www.attergauerliedertafel.at\/index.php\/wp-json\/wp\/v2\/users\/1"}],"replies":[{"embeddable":true,"href":"http:\/\/www.attergauerliedertafel.at\/index.php\/wp-json\/wp\/v2\/comments?post=693"}],"version-history":[{"count":4,"href":"http:\/\/www.attergauerliedertafel.at\/index.php\/wp-json\/wp\/v2\/posts\/693\/revisions"}],"predecessor-version":[{"id":715,"href":"http:\/\/www.attergauerliedertafel.at\/index.php\/wp-json\/wp\/v2\/posts\/693\/revisions\/715"}],"wp:attachment":[{"href":"http:\/\/www.attergauerliedertafel.at\/index.php\/wp-json\/wp\/v2\/media?parent=693"}],"wp:term":[{"taxonomy":"category","embeddable":true,"href":"http:\/\/www.attergauerliedertafel.at\/index.php\/wp-json\/wp\/v2\/categories?post=693"},{"taxonomy":"post_tag","embeddable":true,"href":"http:\/\/www.attergauerliedertafel.at\/index.php\/wp-json\/wp\/v2\/tags?post=693"}],"curies":[{"name":"wp","href":"https:\/\/api.w.org\/{rel}","templated":true}]}}