{"id":789,"date":"2013-01-01T22:47:34","date_gmt":"2013-01-01T20:47:34","guid":{"rendered":"http:\/\/www.attergauerliedertafel.at\/?p=789"},"modified":"2013-01-01T23:12:58","modified_gmt":"2013-01-01T21:12:58","slug":"attergauer-advent-am-9-dez-2012","status":"publish","type":"post","link":"http:\/\/www.attergauerliedertafel.at\/index.php\/2013\/01\/attergauer-advent-am-9-dez-2012\/","title":{"rendered":"Attergauer Advent am 9.Dez.2012"},"content":{"rendered":"<p>Da im Vorjahr im Festsaal der neuen Musikschule nicht alle Besucher Platz fanden, sind wir heuer mit unserem Adventkonzert wieder in die Pfarrkirche St. Georgen zur\u00fcckgekehrt. Das Zuschauerinteresse war wieder sehr erfreulich und alle bekamen einen Sitzplatz.  <\/p>\n<p>Als Mitwirkende konnten gewonnen werden: die bekannte Steffn-Hansl-Musi aus dem Attergau, die Saitenzicken (ein junges Ensemble mit Saiteninstrumenten) aus dem Raum Attersee-Nord sowie der gemischte &#8222;Chor &#038; more&#8220; aus dem Atterseegebiet. Wir begannen diesmal im hinteren Bereich der Kirche mit dem Adventjodler und setzten anschlie\u00dfend im Altarbereich fort, wo wir neben anderen weihnachtlichen Chorwerken die &#8222;Umkehr&#8220; das zweite Mal auff\u00fchrten, welches von der geb\u00fcrtigen St. Georgenerin Edeltraud Wiesmayr im Jahr 2011 geschrieben und von unserem Chorleiter Josef Maul vertont worden ist. Die Steffn-Hansl-Musi sowie die Saitenzicken trugen abwechselnd zu uns mit ihren Instrumentalst\u00fccken sehr gut zur Adventstimmung bei. Chor &#038; More setzte dazu mit seinen \u00fcberwiegend englischen Vokalst\u00fccken einen gewissen Kontrapunkt. Die Sprecherin Judith Hufnagl brachte mit besinnlichen Weihnachtsgeschichten so manche Besucher zum Nachdenken.   <\/p>\n<p>Nach dem stimmungsvollen Adventkonzert empfing uns drau\u00dfen ein kalter Winterabend mit viel Schnee.  <\/p>\n","protected":false},"excerpt":{"rendered":"<p>Da im Vorjahr im Festsaal der neuen Musikschule nicht alle Besucher Platz fanden, sind wir heuer mit unserem Adventkonzert wieder in die Pfarrkirche St. Georgen zur\u00fcckgekehrt. Das Zuschauerinteresse war wieder sehr erfreulich und alle bekamen einen Sitzplatz. Als Mitwirkende konnten &hellip; <a href=\"http:\/\/www.attergauerliedertafel.at\/index.php\/2013\/01\/attergauer-advent-am-9-dez-2012\/\">Weiterlesen <span class=\"meta-nav\">&rarr;<\/span><\/a><\/p>\n","protected":false},"author":1,"featured_media":0,"comment_status":"open","ping_status":"open","sticky":false,"template":"","format":"standard","meta":[],"categories":[1],"tags":[],"_links":{"self":[{"href":"http:\/\/www.attergauerliedertafel.at\/index.php\/wp-json\/wp\/v2\/posts\/789"}],"collection":[{"href":"http:\/\/www.attergauerliedertafel.at\/index.php\/wp-json\/wp\/v2\/posts"}],"about":[{"href":"http:\/\/www.attergauerliedertafel.at\/index.php\/wp-json\/wp\/v2\/types\/post"}],"author":[{"embeddable":true,"href":"http:\/\/www.attergauerliedertafel.at\/index.php\/wp-json\/wp\/v2\/users\/1"}],"replies":[{"embeddable":true,"href":"http:\/\/www.attergauerliedertafel.at\/index.php\/wp-json\/wp\/v2\/comments?post=789"}],"version-history":[{"count":5,"href":"http:\/\/www.attergauerliedertafel.at\/index.php\/wp-json\/wp\/v2\/posts\/789\/revisions"}],"predecessor-version":[{"id":797,"href":"http:\/\/www.attergauerliedertafel.at\/index.php\/wp-json\/wp\/v2\/posts\/789\/revisions\/797"}],"wp:attachment":[{"href":"http:\/\/www.attergauerliedertafel.at\/index.php\/wp-json\/wp\/v2\/media?parent=789"}],"wp:term":[{"taxonomy":"category","embeddable":true,"href":"http:\/\/www.attergauerliedertafel.at\/index.php\/wp-json\/wp\/v2\/categories?post=789"},{"taxonomy":"post_tag","embeddable":true,"href":"http:\/\/www.attergauerliedertafel.at\/index.php\/wp-json\/wp\/v2\/tags?post=789"}],"curies":[{"name":"wp","href":"https:\/\/api.w.org\/{rel}","templated":true}]}}