{"id":791,"date":"2013-01-01T22:11:34","date_gmt":"2013-01-01T20:11:34","guid":{"rendered":"http:\/\/www.attergauerliedertafel.at\/?p=791"},"modified":"2013-01-01T22:11:34","modified_gmt":"2013-01-01T20:11:34","slug":"vereinsausflug-nach-karntenreiseckgruppe-und-grosglockner","status":"publish","type":"post","link":"http:\/\/www.attergauerliedertafel.at\/index.php\/2013\/01\/vereinsausflug-nach-karntenreiseckgruppe-und-grosglockner\/","title":{"rendered":"Vereinsausflug nach K\u00e4rnten\/Rei\u00dfeckgruppe und Gro\u00dfglockner"},"content":{"rendered":"<p>F\u00fcr das Wochenende vom 29. bis 30. September 2012 hatte der Vorstand zum diesj\u00e4hrigen Vereinsausflug nach K\u00e4rnten eingeladen. Mit einem Bus von Fa. Gst\u00f6ttner fuhren wir auf der Tauernautobahn bis nach Spittal\/Drau und anschlie\u00dfend zur Talstation der Rei\u00dfeckbahn nach Obervellach. Die Standseilbahn brachte uns hinauf zum Schoberboden. Dort wartete Europas h\u00f6chste, private Schmalspureisenbahn und brachte uns entlang von steilen Felsw\u00e4nden und durch einen Tunnel bis zum Bergrestaurant Rei\u00dfeck. Das tr\u00fcbe und feuchte Wetter konnte uns von unserem Programm nicht abhalten.  <\/p>\n","protected":false},"excerpt":{"rendered":"<p>F\u00fcr das Wochenende vom 29. bis 30. September 2012 hatte der Vorstand zum diesj\u00e4hrigen Vereinsausflug nach K\u00e4rnten eingeladen. Mit einem Bus von Fa. Gst\u00f6ttner fuhren wir auf der Tauernautobahn bis nach Spittal\/Drau und anschlie\u00dfend zur Talstation der Rei\u00dfeckbahn nach Obervellach. &hellip; <a href=\"http:\/\/www.attergauerliedertafel.at\/index.php\/2013\/01\/vereinsausflug-nach-karntenreiseckgruppe-und-grosglockner\/\">Weiterlesen <span class=\"meta-nav\">&rarr;<\/span><\/a><\/p>\n","protected":false},"author":1,"featured_media":0,"comment_status":"open","ping_status":"open","sticky":false,"template":"","format":"standard","meta":[],"categories":[1],"tags":[],"_links":{"self":[{"href":"http:\/\/www.attergauerliedertafel.at\/index.php\/wp-json\/wp\/v2\/posts\/791"}],"collection":[{"href":"http:\/\/www.attergauerliedertafel.at\/index.php\/wp-json\/wp\/v2\/posts"}],"about":[{"href":"http:\/\/www.attergauerliedertafel.at\/index.php\/wp-json\/wp\/v2\/types\/post"}],"author":[{"embeddable":true,"href":"http:\/\/www.attergauerliedertafel.at\/index.php\/wp-json\/wp\/v2\/users\/1"}],"replies":[{"embeddable":true,"href":"http:\/\/www.attergauerliedertafel.at\/index.php\/wp-json\/wp\/v2\/comments?post=791"}],"version-history":[{"count":1,"href":"http:\/\/www.attergauerliedertafel.at\/index.php\/wp-json\/wp\/v2\/posts\/791\/revisions"}],"predecessor-version":[{"id":792,"href":"http:\/\/www.attergauerliedertafel.at\/index.php\/wp-json\/wp\/v2\/posts\/791\/revisions\/792"}],"wp:attachment":[{"href":"http:\/\/www.attergauerliedertafel.at\/index.php\/wp-json\/wp\/v2\/media?parent=791"}],"wp:term":[{"taxonomy":"category","embeddable":true,"href":"http:\/\/www.attergauerliedertafel.at\/index.php\/wp-json\/wp\/v2\/categories?post=791"},{"taxonomy":"post_tag","embeddable":true,"href":"http:\/\/www.attergauerliedertafel.at\/index.php\/wp-json\/wp\/v2\/tags?post=791"}],"curies":[{"name":"wp","href":"https:\/\/api.w.org\/{rel}","templated":true}]}}