{"id":815,"date":"2013-01-06T21:59:22","date_gmt":"2013-01-06T19:59:22","guid":{"rendered":"http:\/\/www.attergauerliedertafel.at\/?p=815"},"modified":"2013-02-09T14:52:27","modified_gmt":"2013-02-09T12:52:27","slug":"ankundigung-maskenball-der-liedertafel-am-samstag-2-2-2013","status":"publish","type":"post","link":"http:\/\/www.attergauerliedertafel.at\/index.php\/2013\/01\/ankundigung-maskenball-der-liedertafel-am-samstag-2-2-2013\/","title":{"rendered":"Das war der Maskenball der Liedertafel am Samstag, 2.2.2013"},"content":{"rendered":"<p><a rel=\"attachment wp-att-831\" href=\"http:\/\/www.attergauerliedertafel.at\/index.php\/2013\/01\/ankundigung-maskenball-der-liedertafel-am-samstag-2-2-2013\/img_9556-640x480-2\/\"><img loading=\"lazy\" class=\"alignright size-medium wp-image-831\" title=\"IMG_9556 [640x480]\" src=\"http:\/\/www.attergauerliedertafel.at\/wp-content\/uploads\/IMG_9556-640x4801-400x225.jpg\" alt=\"\" width=\"400\" height=\"225\" srcset=\"http:\/\/www.attergauerliedertafel.at\/wp-content\/uploads\/IMG_9556-640x4801-400x225.jpg 400w, http:\/\/www.attergauerliedertafel.at\/wp-content\/uploads\/IMG_9556-640x4801.jpg 640w\" sizes=\"(max-width: 400px) 100vw, 400px\" \/><\/a><a rel=\"attachment wp-att-832\" href=\"http:\/\/www.attergauerliedertafel.at\/index.php\/2013\/01\/ankundigung-maskenball-der-liedertafel-am-samstag-2-2-2013\/img_9574-640x480\/\"><img loading=\"lazy\" class=\"alignleft size-medium wp-image-832\" title=\"IMG_9574 [640x480]\" src=\"http:\/\/www.attergauerliedertafel.at\/wp-content\/uploads\/IMG_9574-640x480-400x225.jpg\" alt=\"\" width=\"400\" height=\"225\" srcset=\"http:\/\/www.attergauerliedertafel.at\/wp-content\/uploads\/IMG_9574-640x480-400x225.jpg 400w, http:\/\/www.attergauerliedertafel.at\/wp-content\/uploads\/IMG_9574-640x480.jpg 640w\" sizes=\"(max-width: 400px) 100vw, 400px\" \/><\/a><img loading=\"lazy\" class=\"alignleft size-medium wp-image-827\" title=\"IMG_9553 [640x480]\" src=\"http:\/\/www.attergauerliedertafel.at\/wp-content\/uploads\/IMG_9553-640x480-400x225.jpg\" alt=\"\" width=\"400\" height=\"225\" srcset=\"http:\/\/www.attergauerliedertafel.at\/wp-content\/uploads\/IMG_9553-640x480-400x225.jpg 400w, http:\/\/www.attergauerliedertafel.at\/wp-content\/uploads\/IMG_9553-640x480.jpg 640w\" sizes=\"(max-width: 400px) 100vw, 400px\" \/>Lustig ging es am Samstag, 2.2. beim traditionellen Maskenball der Attergauer Liedertafel zu. Die &#8222;Enzianer&#8220; sorgten f\u00fcr gute Stimmung bis sp\u00e4t nachts. Zwerge, Clowns, Teuferl, Kardin\u00e4le und Nonnen, Politessen, Saubermacher, Krankenschwestern,<\/p>\n<p>Chinesen, und Mexikaner, Schildkr\u00f6ten, Bienen, Gummib\u00e4ren, unz\u00e4hlige Eintagsfliegen sowie Filmfiguren trugen zu einem bunten Abend bei.<a rel=\"attachment wp-att-836\" href=\"http:\/\/www.attergauerliedertafel.at\/index.php\/2013\/01\/ankundigung-maskenball-der-liedertafel-am-samstag-2-2-2013\/img_9550-640x480\/\"><img loading=\"lazy\" title=\"IMG_9550 [640x480]\" src=\"..\/wp-content\/uploads\/IMG_9550-640x480-400x225.jpg\" alt=\"\" width=\"400\" height=\"225\" \/><\/a><\/p>\n","protected":false},"excerpt":{"rendered":"<p>Lustig ging es am Samstag, 2.2. beim traditionellen Maskenball der Attergauer Liedertafel zu. Die &#8222;Enzianer&#8220; sorgten f\u00fcr gute Stimmung bis sp\u00e4t nachts. Zwerge, Clowns, Teuferl, Kardin\u00e4le und Nonnen, Politessen, Saubermacher, Krankenschwestern, Chinesen, und Mexikaner, Schildkr\u00f6ten, Bienen, Gummib\u00e4ren, unz\u00e4hlige Eintagsfliegen sowie &hellip; <a href=\"http:\/\/www.attergauerliedertafel.at\/index.php\/2013\/01\/ankundigung-maskenball-der-liedertafel-am-samstag-2-2-2013\/\">Weiterlesen <span class=\"meta-nav\">&rarr;<\/span><\/a><\/p>\n","protected":false},"author":1,"featured_media":0,"comment_status":"open","ping_status":"open","sticky":false,"template":"","format":"standard","meta":[],"categories":[1],"tags":[],"_links":{"self":[{"href":"http:\/\/www.attergauerliedertafel.at\/index.php\/wp-json\/wp\/v2\/posts\/815"}],"collection":[{"href":"http:\/\/www.attergauerliedertafel.at\/index.php\/wp-json\/wp\/v2\/posts"}],"about":[{"href":"http:\/\/www.attergauerliedertafel.at\/index.php\/wp-json\/wp\/v2\/types\/post"}],"author":[{"embeddable":true,"href":"http:\/\/www.attergauerliedertafel.at\/index.php\/wp-json\/wp\/v2\/users\/1"}],"replies":[{"embeddable":true,"href":"http:\/\/www.attergauerliedertafel.at\/index.php\/wp-json\/wp\/v2\/comments?post=815"}],"version-history":[{"count":15,"href":"http:\/\/www.attergauerliedertafel.at\/index.php\/wp-json\/wp\/v2\/posts\/815\/revisions"}],"predecessor-version":[{"id":842,"href":"http:\/\/www.attergauerliedertafel.at\/index.php\/wp-json\/wp\/v2\/posts\/815\/revisions\/842"}],"wp:attachment":[{"href":"http:\/\/www.attergauerliedertafel.at\/index.php\/wp-json\/wp\/v2\/media?parent=815"}],"wp:term":[{"taxonomy":"category","embeddable":true,"href":"http:\/\/www.attergauerliedertafel.at\/index.php\/wp-json\/wp\/v2\/categories?post=815"},{"taxonomy":"post_tag","embeddable":true,"href":"http:\/\/www.attergauerliedertafel.at\/index.php\/wp-json\/wp\/v2\/tags?post=815"}],"curies":[{"name":"wp","href":"https:\/\/api.w.org\/{rel}","templated":true}]}}