{"id":99,"date":"2010-11-14T22:32:10","date_gmt":"2010-11-14T20:32:10","guid":{"rendered":"http:\/\/www.attergauerliedertafel.at\/?p=99"},"modified":"2010-12-09T01:04:35","modified_gmt":"2010-12-08T23:04:35","slug":"benefizkonzert-am-6-november-2010","status":"publish","type":"post","link":"http:\/\/www.attergauerliedertafel.at\/index.php\/2010\/11\/benefizkonzert-am-6-november-2010\/","title":{"rendered":"Benefizkonzert am 6. November 2010"},"content":{"rendered":"<p><a href=\"http:\/\/www.attergauerliedertafel.at\/?attachment_id=141\"><img loading=\"lazy\" class=\"size-medium wp-image-141 alignright\" title=\"IMG_2468 [640x480]\" src=\"http:\/\/www.attergauerliedertafel.at\/wp-content\/uploads\/IMG_2468-640x480-400x225.jpg\" alt=\"\" width=\"400\" height=\"225\" srcset=\"http:\/\/www.attergauerliedertafel.at\/wp-content\/uploads\/IMG_2468-640x480-400x225.jpg 400w, http:\/\/www.attergauerliedertafel.at\/wp-content\/uploads\/IMG_2468-640x480.jpg 640w\" sizes=\"(max-width: 400px) 100vw, 400px\" \/><\/a>Auf Initiative unseres Chormitgliedes Dr. Wolfgang Grabner und seines Sohnes Christoph gelang es, die Musikkapelle St. Georgen und die vier im Attergau t\u00e4tigen Ch\u00f6re an einem Abend zusammen zu bringen und gemeinsam musizieren zu lassen\u00a0&#8211; ganz ohne Gage f\u00fcr einen wohlt\u00e4tigen Zweck! <!--more--><\/p>\n<p>Christoph Grabner war im Rahmen eines Hochschulprojektes zusammen mit 2 Studienkollegen mehrere Monate in Ulan Bator in der Mongolei (Zentralasien). Dort organisierten sie den Aufbau von dringend ben\u00f6tigten Wohnh\u00e4usern f\u00fcr die \u00fcberwiegend arme Bev\u00f6lkerung. Ein wesentliches Element dabei waren die heimischen Rohstoffe Holz und Schafwolle.\u00a0Zur Fertigstellung dieser Siedlung waren die Betreiber\u00a0dringend auf Spenden angewiesen. So wurde die\u00a0Idee einer Benefizveranstaltung im Attergau geboren.\u00a0Die f\u00fcr die Musikvereine verantwortlichen Personen brauchten nicht \u00fcberredet werden\u00a0&#8211; alle waren schnell f\u00fcr die Gemeinschaftsveranstaltung\u00a0gewonnen.<\/p>\n<p>Nach umfangreichen Vorbereitungsarbeiten war es am Samstag, den 6. November 2010\u00a0 schlie\u00dflich so weit. Die Attergauhalle f\u00fcllte sich mit interessierten Zuh\u00f6reren, die sich auf einen abwechslungsreichen Konzertabend freuen durften. Einen H\u00f6hepunkt gab es gleich zur Einleitung: Die <strong>Musikkapelle<\/strong> unter Kapellmeister Klaus Duftschmid intonierte die Europahymne und die 4 Attergauer Ch\u00f6re sangen gemeinsam dazu &#8222;Freude sch\u00f6ner G\u00f6tterfunken&#8220; von Beethoven. Anschlie\u00dfend stellte Christoph Grabner\u00a0mit seinen Kollegen sein Projekt auf einer Gro\u00dfbildleinwand sehr eindrucksvoll vor.<\/p>\n<p>Im nun folgenden musikalischen Teil\u00a0f\u00fchrte Sonja Schachl als Moderatorin sehr gekonnt durch das Programm. Entsprechend der alphabetischen Ordnung war dann gleich die <strong>Attergauer Liedertafel<\/strong> unter Josef Maul an der Reihe: Mit unserem Eingangslied &#8222;Gewiss, heut sind die Sch\u00f6nsten nur gekommen&#8220; gewannen wir schnell die Sympathie des zahlreichen Publikums. Es folgten dann: &#8222;Trink mir mit Deinen Augen zu&#8220; &#8211; ein Liebeslied aus dem 18. Jhdt. &#8211; &#8220; Was k\u00fcmmern mi die Sternlan&#8220; &#8211; eine Volksweise aus K\u00e4rnten &#8211; &#8222;Mei Hiatamadl&#8220; &#8211; ein lustiges Volkslied zum Mitklatschen\u00a0 &#8211; und zum Schluss &#8222;Musik erf\u00fcllt die Welt&#8220; &#8211; einem englischen Volkslied auf deutsch \u00fcbertragen. Gerade das letzte Lied sollte die weltumspannende und v\u00f6lkerverbindende Funktion der Musik betonen und passte hervorragend zum Thema des Abends.<\/p>\n<p>Hinter uns reihte sich der <strong>Kirchenchor der Pfarre St. Georgen<\/strong> unter der Leitung von Ludwig Feitzinger mit f\u00fcnf St\u00fccken sehr abwechslungsreich ein. In der darauffolgenden Pause gab es neben den Getr\u00e4nken vor allem leckere Br\u00f6tchen mit Aufstrichen und viele s\u00fc\u00dfe Backwaren, welche alle von den teilnehmenden Kapellen- und Chormitgliedern und deren Partnern zubereitet und gespendet worden waren.<\/p>\n<p>Nach der Pause folgten die gekonnten Auftritte des &#8222;<strong>Scherrhaufen<\/strong>&#8220; unter der Leitung von Christian Scherr, dessen 5 Lieder f\u00fcr viel Heiterkeit sorgten. Ein weiterer H\u00f6hepunkt waren dann die &#8222;<strong>Singfoniker in f<\/strong>&#8220; unter Karl Lohninger. Mit ihrem Chorprogramm unterstrichen sie abermals ihr hohes Niveau, welches nahtlos an das Jubil\u00e4umsfestival im September 2010 anschlo\u00df.<\/p>\n<p>Als gemeinsame Zugabe aller 4 Ch\u00f6re erklang zum Schlu\u00df die Attergau-Hymne: &#8222;I woa\u00df a Platzerl, wundersch\u00f6n &#8230;&#8220;, bei der viele Zuschauer begeistert mitsangen. Damit wurde der offizielle Teil des Abends beendet. Rasch wurden Tische in die Attergauhalle hineingestellt und man ging zum gem\u00fctlichen Teil \u00fcber. Viele blieben noch da und unterhielten sich pr\u00e4chtig in geselligen Runden, soda\u00df es f\u00fcr manche recht sp\u00e4t wurde.<\/p>\n<p>Nach Abrechnung der Veranstaltung kann von einem vollen Erfolg gesprochen werden. Aus den Spenden beim Eintritt und den Verk\u00f6stigungen blieben \u00fcber \u20ac 5.000,&#8211; Reinerl\u00f6s. Dieser war nicht zuletzt auch dadurch so hoch, weil Herr Bgm. Mag. Auzinger auf eine Hallenmiete verzichtet hatte. <strong>Herzlichen Dank an alle, die zu diesem gro\u00dfartigen Erfolg mitgeholfen haben<\/strong>! Die Initiatoren werden daf\u00fcr sorgen, dass das Geld widmungsgem\u00e4\u00df in der Mongolei verwendet wird.<\/p>\n","protected":false},"excerpt":{"rendered":"<p>Auf Initiative unseres Chormitgliedes Dr. Wolfgang Grabner und seines Sohnes Christoph gelang es, die Musikkapelle St. Georgen und die vier im Attergau t\u00e4tigen Ch\u00f6re an einem Abend zusammen zu bringen und gemeinsam musizieren zu lassen\u00a0&#8211; ganz ohne Gage f\u00fcr einen &hellip; <a href=\"http:\/\/www.attergauerliedertafel.at\/index.php\/2010\/11\/benefizkonzert-am-6-november-2010\/\">Weiterlesen <span class=\"meta-nav\">&rarr;<\/span><\/a><\/p>\n","protected":false},"author":1,"featured_media":0,"comment_status":"open","ping_status":"open","sticky":false,"template":"","format":"standard","meta":[],"categories":[1],"tags":[],"_links":{"self":[{"href":"http:\/\/www.attergauerliedertafel.at\/index.php\/wp-json\/wp\/v2\/posts\/99"}],"collection":[{"href":"http:\/\/www.attergauerliedertafel.at\/index.php\/wp-json\/wp\/v2\/posts"}],"about":[{"href":"http:\/\/www.attergauerliedertafel.at\/index.php\/wp-json\/wp\/v2\/types\/post"}],"author":[{"embeddable":true,"href":"http:\/\/www.attergauerliedertafel.at\/index.php\/wp-json\/wp\/v2\/users\/1"}],"replies":[{"embeddable":true,"href":"http:\/\/www.attergauerliedertafel.at\/index.php\/wp-json\/wp\/v2\/comments?post=99"}],"version-history":[{"count":8,"href":"http:\/\/www.attergauerliedertafel.at\/index.php\/wp-json\/wp\/v2\/posts\/99\/revisions"}],"predecessor-version":[{"id":169,"href":"http:\/\/www.attergauerliedertafel.at\/index.php\/wp-json\/wp\/v2\/posts\/99\/revisions\/169"}],"wp:attachment":[{"href":"http:\/\/www.attergauerliedertafel.at\/index.php\/wp-json\/wp\/v2\/media?parent=99"}],"wp:term":[{"taxonomy":"category","embeddable":true,"href":"http:\/\/www.attergauerliedertafel.at\/index.php\/wp-json\/wp\/v2\/categories?post=99"},{"taxonomy":"post_tag","embeddable":true,"href":"http:\/\/www.attergauerliedertafel.at\/index.php\/wp-json\/wp\/v2\/tags?post=99"}],"curies":[{"name":"wp","href":"https:\/\/api.w.org\/{rel}","templated":true}]}}